{"id":18253,"date":"2026-07-03T18:13:11","date_gmt":"2026-07-03T16:13:11","guid":{"rendered":"https:\/\/mkt.hu\/?p=18253"},"modified":"2026-08-03T15:57:03","modified_gmt":"2026-08-03T13:57:03","slug":"2026-julius","status":"publish","type":"post","link":"https:\/\/mkt.hu\/en\/2026\/07\/03\/2026-julius\/","title":{"rendered":"2026 July"},"content":{"rendered":"<p class=\"wp-block-paragraph\">A selection from July 2026 press coverage and reports related to the Hungarian Economic Association and it\u2019s professional events (only in Hungarian).\u00a0<\/p>\n\n\n\n<p class=\"wp-block-paragraph\"><a href=\"https:\/\/www.portfolio.hu\/mkt\/20260703\/darvas-zsolt-a-tagallamok-tamogatni-fogjak-ursula-von-der-leyen-uj-tervet-a-forraselosztasra-847216\">Darvas Zsolt: a tag\u00e1llamok t\u00e1mogatni fogj\u00e1k Ursula von der Leyen \u00faj terv\u00e9t a forr\u00e1seloszt\u00e1sra<\/a> (Portfoli\u00f3.hu)<\/p>\n\n\n\n<p class=\"wp-block-paragraph\"><a href=\"https:\/\/tradersunion.com\/hu\/news\/financial-news\/show\/2591790-hungary-ai-adoption-security-risk\/\">Magyarorsz\u00e1g MI-adapt\u00e1ci\u00f3s lemarad\u00e1sa n\u00f6veli a v\u00e1llalati biztons\u00e1gi kock\u00e1zatokat<\/a> (TradersUnion.hu)<\/p>\n\n\n\n<p class=\"wp-block-paragraph\"><a href=\"https:\/\/novekedes.hu\/vallalkozas\/friss-adatok-mutatjak-ennyivel-javitja-a-cegek-hatekonysagat-a-mesterseges-intelligencia\">Ennyivel jav\u00edtja a c\u00e9gek hat\u00e9konys\u00e1g\u00e1t a mesters\u00e9ges intelligencia<\/a> (N\u00f6veked\u00e9s.hu)<\/p>\n\n\n\n<p class=\"wp-block-paragraph\"><a href=\"https:\/\/www.portfolio.hu\/mkt\/20260706\/magyarorszag-lemarad-a-mesterseges-intelligenciaban-mi-lesz-igy-a-vallalati-biztonsaggal-847710\">Magyarorsz\u00e1g lemarad a mesters\u00e9ges intelligenci\u00e1ban, mi lesz \u00edgy a v\u00e1llalati biztons\u00e1ggal?<\/a> (Portfolio.hu)<\/p>\n\n\n\n<p class=\"wp-block-paragraph\"><a href=\"https:\/\/novekedes.hu\/magyar-euro\/eurobevezetes-azok-profitaltak-a-legtobbet-akik-mar-a-csatlakozas-elott-is-hiteles-gazdasagpolitikat-folytattak\">Eur\u00f3bevezet\u00e9s: azok profit\u00e1ltak a legt\u00f6bbet, akik m\u00e1r a csatlakoz\u00e1s el\u0151tt is hiteles gazdas\u00e1gpolitik\u00e1t folytattak<\/a> (N\u00f6veked\u00e9s.hu)<\/p>\n\n\n\n<p class=\"wp-block-paragraph\"><a href=\"https:\/\/journals.lib.uni-corvinus.hu\/index.php\/penzugyiszemle\/article\/view\/3874\">Can Our Financial System Be Made Cheaper and Less Risky?<\/a> (P\u00e9nz\u00fcgyi Szemle)<\/p>\n\n\n\n<p class=\"wp-block-paragraph\"><a href=\"https:\/\/novekedes.hu\/hirek\/bankvezerek-es-fejlesztespolitika-izelito-a-64-kozgazdasz-vandorgyules-programjabol\">Bankvez\u00e9rek \u00e9s fejleszt\u00e9spolitika: \u00edzel\u00edt\u0151 a 64. K\u00f6zgazd\u00e1sz-v\u00e1ndorgy\u0171l\u00e9s programj\u00e1b\u00f3l<\/a> (N\u00f6veked\u00e9s.hu)<\/p>\n\n\n\n<p class=\"wp-block-paragraph\"><a href=\"https:\/\/mkt.hu\/wp-content\/uploads\/2026\/07\/Gazdalkodas-2026_2_7-454-MESZ-beszamolo_187-191.pdf\">L\u00e9pni kell a proakt\u00edv alkalmazkod\u00e1s \u00e9s az innov\u00e1ci\u00f3 \u00fatj\u00e1n<\/a> (Gazd\u00e1lkod\u00e1s)<\/p>\n\n\n\n<p class=\"wp-block-paragraph\"><a href=\"https:\/\/novekedes.hu\/hirek\/milyen-programok-varnak-a-64-kozgazdasz-vandorgyulesen\">Milyen programok v\u00e1rnak a 64. K\u00f6zgazd\u00e1sz-v\u00e1ndorgy\u0171l\u00e9sen?<\/a> (N\u00f6veked\u00e9s.hu)<\/p>\n\n\n\n<p class=\"wp-block-paragraph\"><a href=\"https:\/\/www.portfolio.hu\/gazdasag\/20260720\/erste-vezer-egy-miniszter-a-szemembe-mondta-hogy-magyarorszag-ilyen-itt-lejt-a-palya-850870\">Erste-vez\u00e9r: egy miniszter a szemembe mondta, hogy Magyarorsz\u00e1g ilyen, itt lejt a p\u00e1lya<\/a> (Portfolio.hu)<\/p>\n\n\n\n<p class=\"wp-block-paragraph\"><a href=\"https:\/\/tradersunion.com\/hu\/news\/financial-news\/show\/2731624-hungary-market-economy-equal-competition\/\">Magyarorsz\u00e1g piacgazdas\u00e1gi fordulata egyenl\u0151 versenyfelt\u00e9teleket \u00e9s gyorsabb v\u00e1llalati alkalmazkod\u00e1st k\u00f6vetel<\/a> (Tradersunion.hu)<\/p>\n\n\n\n<p class=\"wp-block-paragraph\"><a href=\"https:\/\/www.penzcentrum.hu\/gazdasag\/20260721\/sulyos-fordulat-magyarorszagon-az-euro-bevezetese-hozhatja-el-a-kegyelemdofest-a-kivaltsagosoknak-1202557#\">S\u00falyos fordulat Magyarorsz\u00e1gon: az eur\u00f3 bevezet\u00e9se hozhatja el a kegyelemd\u00f6f\u00e9st a kiv\u00e1lts\u00e1gosoknak?<\/a> (P\u00e9nzcentrum)<\/p>\n\n\n\n<p class=\"wp-block-paragraph\"><a href=\"https:\/\/www.economx.hu\/magyar-gazdasag\/2026\/07\/22\/orban-rezsim-gazdasag-kormanyvaltas-magyar-peter-tisza\/\">Az Orb\u00e1n-rezsimben egyenl\u0151k \u00e9s egyenl\u0151bbek is voltak: ennek most v\u00e9ge lehet<\/a> (Economx)<\/p>\n\n\n\n<p class=\"wp-block-paragraph\"><a href=\"https:\/\/novekedes.hu\/elemzesek\/bankszovetseg-vezetoje-most-komoly-eselye-van-az-orszagnak\">Banksz\u00f6vets\u00e9g vezet\u0151je: Most komoly es\u00e9lye van az orsz\u00e1gnak<\/a> (N\u00f6veked\u00e9s.hu)<\/p>\n\n\n\n<p class=\"wp-block-paragraph\"><a href=\"https:\/\/privatbankar.hu\/cikkek\/makro\/meg-mindig-varja-az-ember-hogy-kormanyvaltas-vagy-rendszervaltas-tortent-aprilis-12-en.html\">\u201eM\u00e9g mindig v\u00e1rja az ember, hogy korm\u00e1nyv\u00e1lt\u00e1s vagy rendszerv\u00e1lt\u00e1s t\u00f6rt\u00e9nt \u00e1prilis 12-\u00e9n\u201d<\/a> (Priv\u00e1tbank\u00e1r.hu)<\/p>\n\n\n\n<p class=\"wp-block-paragraph\"><a href=\"https:\/\/mfor.hu\/cikkek\/makro\/jobban-erdekelnenek-a-reszletek-mint-a-nagy-bemondasok--merlegen-a-tisza-eddigi-gazdasagpolitikaja.html\">\u201eJobban \u00e9rdekeln\u00e9nek a r\u00e9szletek, mint a nagy bemond\u00e1sok\u201d \u2013 m\u00e9rlegen a Tisza eddigi gazdas\u00e1gpolitik\u00e1ja<\/a> (Mfor.hu)<\/p>\n\n\n\n<p class=\"wp-block-paragraph\"><a href=\"https:\/\/novekedes.hu\/hirek\/elhunyt-kadar-bela-szechenyi-dijas-kozgazdasz\">Elhunyt K\u00e1d\u00e1r B\u00e9la Sz\u00e9chenyi-d\u00edjas k\u00f6zgazd\u00e1sz<\/a> (N\u00f6veked\u00e9s.hu)<\/p>\n\n\n\n<p class=\"wp-block-paragraph\"><a href=\"https:\/\/novekedes.hu\/hirek\/varga-mihaly-es-karman-andras-is-reszt-vesz-a-kozgazdasz-vandorgyulesen\">Varga Mih\u00e1ly \u00e9s K\u00e1rm\u00e1n Andr\u00e1s is r\u00e9szt vesz a K\u00f6zgazd\u00e1sz-v\u00e1ndorgy\u0171l\u00e9sen<\/a> (N\u00f6veked\u00e9s.hu)<\/p>\n\n\n\n<p class=\"wp-block-paragraph\"><a href=\"https:\/\/novekedes.hu\/penzugy\/mkt-panelbeszelgetes-meddig-tarthat-meg-a-dollardominancia\">MKT-panelbesz\u00e9lget\u00e9s: meddig tarthat m\u00e9g a doll\u00e1rdominancia?<\/a> (N\u00f6veked\u00e9s.hu)<\/p>\n\n\n\n<p class=\"wp-block-paragraph\"><\/p>","protected":false},"excerpt":{"rendered":"<p>A selection from July 2026 press coverage and reports related to the Hungarian Economic Association and it\u2019s professional events (only in Hungarian).\u00a0 Darvas Zsolt: a tag\u00e1llamok t\u00e1mogatni fogj\u00e1k Ursula von der Leyen \u00faj terv\u00e9t a forr\u00e1seloszt\u00e1sra (Portfoli\u00f3.hu) Magyarorsz\u00e1g MI-adapt\u00e1ci\u00f3s lemarad\u00e1sa n\u00f6veli a v\u00e1llalati biztons\u00e1gi kock\u00e1zatokat (TradersUnion.hu) Ennyivel jav\u00edtja a c\u00e9gek hat\u00e9konys\u00e1g\u00e1t a mesters\u00e9ges intelligencia (N\u00f6veked\u00e9s.hu) [&hellip;]<\/p>\n","protected":false},"author":13835,"featured_media":18255,"comment_status":"closed","ping_status":"open","sticky":false,"template":"","format":"standard","meta":{"_et_pb_use_builder":"off","_et_pb_old_content":"","_et_gb_content_width":"","footnotes":""},"categories":[50],"tags":[],"class_list":["post-18253","post","type-post","status-publish","format-standard","has-post-thumbnail","hentry","category-sajto"],"publishpress_future_action":{"enabled":false,"date":"2026-09-12 08:54:28","action":"category","newStatus":"draft","terms":[],"taxonomy":"category","extraData":[]},"publishpress_future_workflow_manual_trigger":{"enabledWorkflows":[]},"_links":{"self":[{"href":"https:\/\/mkt.hu\/en\/wp-json\/wp\/v2\/posts\/18253","targetHints":{"allow":["GET"]}}],"collection":[{"href":"https:\/\/mkt.hu\/en\/wp-json\/wp\/v2\/posts"}],"about":[{"href":"https:\/\/mkt.hu\/en\/wp-json\/wp\/v2\/types\/post"}],"author":[{"embeddable":true,"href":"https:\/\/mkt.hu\/en\/wp-json\/wp\/v2\/users\/13835"}],"replies":[{"embeddable":true,"href":"https:\/\/mkt.hu\/en\/wp-json\/wp\/v2\/comments?post=18253"}],"version-history":[{"count":1,"href":"https:\/\/mkt.hu\/en\/wp-json\/wp\/v2\/posts\/18253\/revisions"}],"predecessor-version":[{"id":18339,"href":"https:\/\/mkt.hu\/en\/wp-json\/wp\/v2\/posts\/18253\/revisions\/18339"}],"wp:featuredmedia":[{"embeddable":true,"href":"https:\/\/mkt.hu\/en\/wp-json\/wp\/v2\/media\/18255"}],"wp:attachment":[{"href":"https:\/\/mkt.hu\/en\/wp-json\/wp\/v2\/media?parent=18253"}],"wp:term":[{"taxonomy":"category","embeddable":true,"href":"https:\/\/mkt.hu\/en\/wp-json\/wp\/v2\/categories?post=18253"},{"taxonomy":"post_tag","embeddable":true,"href":"https:\/\/mkt.hu\/en\/wp-json\/wp\/v2\/tags?post=18253"}],"curies":[{"name":"wp","href":"https:\/\/api.w.org\/{rel}","templated":true}]}}