{"id":11486,"date":"2024-01-17T12:27:06","date_gmt":"2024-01-17T11:27:06","guid":{"rendered":"https:\/\/mkt.hu\/?p=11486"},"modified":"2024-01-23T09:42:21","modified_gmt":"2024-01-23T08:42:21","slug":"a-munkavegzes-kozos-unios-szabalyai","status":"publish","type":"post","link":"https:\/\/mkt.hu\/hu\/2024\/01\/17\/a-munkavegzes-kozos-unios-szabalyai\/","title":{"rendered":"A munkav\u00e9gz\u00e9s k\u00f6z\u00f6s uni\u00f3s szab\u00e1lyai"},"content":{"rendered":"<p><em><strong>A munkav\u00e9gz\u00e9s k\u00f6z\u00f6s uni\u00f3s szab\u00e1lyai \u2013 hazai tapasztalatok.<\/strong><\/em> Ezzel a c\u00edmmel szervez online szakmai rendezv\u00e9nyt a Magyar K\u00f6zgazdas\u00e1gi T\u00e1rsas\u00e1g Munka\u00fcgyi Szakoszt\u00e1lya <strong>2024. febru\u00e1r 15-\u00e9n, cs\u00fct\u00f6rt\u00f6k\u00f6n 14 \u00f3r\u00e1t\u00f3l<\/strong> a <a href=\"https:\/\/magyarkozgazdasagitarsasag.my.webex.com\/magyarkozgazdasagitarsasag.my\/j.php?MTID=ma7a23cb640369f00c2bce4f148cab0b0\"><strong>Webexen<\/strong><\/a> \u00e9s az <a href=\"https:\/\/www.youtube.com\/@magyarkozgazdasagitarsasag\"><strong>MKT YouTube-csatorn\u00e1j\u00e1n<\/strong><\/a>. A rendezv\u00e9ny ahhoz az egy \u00e9ven \u00e1t tart\u00f3 <a href=\"https:\/\/eu20.blog.hu\/\"><strong>konferenciasorozathoz<\/strong><\/a> kapcsol\u00f3dik, amelynek keret\u00e9ben az MKT szakoszt\u00e1lyai szakter\u00fcletenk\u00e9nt \u00e1ttekintik haz\u00e1nk k\u00e9t \u00e9vtizedes uni\u00f3s tags\u00e1g\u00e1nak tapasztalatait, eredm\u00e9nyeit.<\/p>\n<p>A rendezv\u00e9ny el\u0151ad\u00f3i: <strong>K\u00e1rty\u00e1s G\u00e1bor<\/strong>, a P\u00e1zm\u00e1ny P\u00e9ter Katolikus Egyetem egyetemi docense <em>(Eur\u00f3pai id\u0151sz\u00e1m\u00edt\u00e1s: a munkaid\u0151, mint az egys\u00e9gesed\u0151 munkajogi szab\u00e1lyoz\u00e1s p\u00e9ld\u00e1ja)<\/em>; <strong>Halmos Szilvia<\/strong>, a F\u0151v\u00e1rosi T\u00f6rv\u00e9nysz\u00e9k Munka\u00fcgyi Koll\u00e9gium\u00e1nak b\u00edr\u00e1ja, a PPKE mb. oktat\u00f3ja <em>(Mit adott az uni\u00f3s csatlakoz\u00e1s a hazai antidiszkrimin\u00e1ci\u00f3s joghoz a foglalkoztat\u00e1s ter\u00e9n?)<\/em> \u00e9s <strong>H. Nagy Judit<\/strong> munkav\u00e9delmi szak\u00e9rt\u0151, a BME M\u0171szaki Tov\u00e1bbk\u00e9pz\u0151 K\u00f6zpontj\u00e1nak igazgat\u00f3ja <em>(A v\u00e1ltoz\u00e1s \u00fatja a munkahelyi eg\u00e9szs\u00e9g \u00e9s biztons\u00e1g ter\u00fclet\u00e9n)<\/em>. Felk\u00e9rt hozz\u00e1sz\u00f3l\u00f3k: <strong>Pallagi Gyula<\/strong>, a Magyar Szakszervezeti Sz\u00f6vets\u00e9g aleln\u00f6ke \u00e9s <strong>B\u00e1lint Adrienn<\/strong>, a Magyar Gy\u00e1riparosok Orsz\u00e1gos Sz\u00f6vets\u00e9g\u00e9nek foglalkoztat\u00e1si \u00e9s szoci\u00e1lis \u00fcgyek\u00e9rt felel\u0151s igazgat\u00f3ja. A besz\u00e9lget\u00e9st <strong>Nagy Katalin<\/strong>, Magyarorsz\u00e1g EU melletti \u00c1lland\u00f3 K\u00e9pviselet\u00e9nek volt tan\u00e1csosa, az MKT Munka\u00fcgyi Szakoszt\u00e1ly\u00e1nak eln\u00f6ks\u00e9gi tagja vezeti.<\/p>\n<p><span style=\"text-decoration: underline;\"><strong>A rendezv\u00e9ny megtekint\u00e9s\u00e9hez sz\u00fcks\u00e9ges inform\u00e1ci\u00f3k:<\/strong><\/span><br \/>\nYouTube-link: <a href=\"https:\/\/www.youtube.com\/@magyarkozgazdasagitarsasag\"><strong>https:\/\/www.youtube.com\/@magyarkozgazdasagitarsasag<\/strong><\/a><br \/>\nWebex-link: <a href=\"https:\/\/magyarkozgazdasagitarsasag.my.webex.com\/magyarkozgazdasagitarsasag.my\/j.php?MTID=ma7a23cb640369f00c2bce4f148cab0b0\"><strong>https:\/\/magyarkozgazdasagitarsasag.my.webex.com\/magyarkozgazdasagitarsasag.my\/j.php?MTID=ma7a23cb640369f00c2bce4f148cab0b0<\/strong><\/a><br \/>\nMeeting number: <strong>2371 512 7984<\/strong><br \/>\nPassword: <strong>EULabour2024<\/strong><\/p>\n<p><em>Napt\u00e1ramhoz adom: <a href=\"http:\/\/icalgen.yc.sg\/?sub=A+munkav%C3%A9gz%C3%A9s+k%C3%B6z%C3%B6s+uni%C3%B3s+szab%C3%A1lyai&amp;det=A+munkav%C3%A9gz%C3%A9s+k%C3%B6z%C3%B6s+uni%C3%B3s+szab%C3%A1lyai+%E2%80%93+hazai+tapasztalatok.+Ezzel+a+c%C3%ADmmel+szervez+online+szakmai+rendezv%C3%A9nyt+a+Magyar+K%C3%B6zgazdas%C3%A1gi+T%C3%A1rsas%C3%A1g+Munka%C3%BCgyi+Szakoszt%C3%A1lya+2024.+febru%C3%A1r+15-%C3%A9n%2C+cs%C3%BCt%C3%B6rt%C3%B6k%C3%B6n+14+%C3%B3r%C3%A1t%C3%B3l+a+Webexen+%C3%A9s+az+MKT+YouTube-csatorn%C3%A1j%C3%A1n.&amp;tz=CET&amp;allday=false&amp;sd=Feb+15%2C+2024&amp;st=2%3A00+PM&amp;ed=Feb+15%2C+2024&amp;et=4%3A00+PM&amp;venue=https%3A%2F%2Fwww.youtube.com%2F%40magyarkozgazdasagitarsasag&amp;isub=true&amp;idt=true&amp;iv=true&amp;dl=1\"><strong>Outlook<\/strong><\/a> \u25cf <a href=\"https:\/\/www.google.com\/calendar\/render?action=TEMPLATE&amp;text=A%20munkav%C3%A9gz%C3%A9s%20k%C3%B6z%C3%B6s%20uni%C3%B3s%20szab%C3%A1lyai&amp;dates=20240215T130000Z\/20240215T150000Z&amp;details=A%20munkav%C3%A9gz%C3%A9s%20k%C3%B6z%C3%B6s%20uni%C3%B3s%20szab%C3%A1lyai%0D%0ADate%20and%20Time%3A%20Feb%2015%2C%202024%201%3A00%20PM%20-%203%3A00%20PM%0D%0AVenue%3A%20https%3A%2F%2Fwww.youtube.com%2F%40magyarkozgazdasagitarsasag%0D%0AA%20munkav%C3%A9gz%C3%A9s%20k%C3%B6z%C3%B6s%20uni%C3%B3s%20szab%C3%A1lyai%20%E2%80%93%20hazai%20tapasztalatok.%20Ezzel%20a%20c%C3%ADmmel%20szervez%20online%20szakmai%20rendezv%C3%A9nyt%20a%20Magyar%20K%C3%B6zgazdas%C3%A1gi%20T%C3%A1rsas%C3%A1g%20Munka%C3%BCgyi%20Szakoszt%C3%A1lya%202024.%20febru%C3%A1r%2015-%C3%A9n%2C%20cs%C3%BCt%C3%B6rt%C3%B6k%C3%B6n%2014%20%C3%B3r%C3%A1t%C3%B3l%20a%20Webexen%20%C3%A9s%20az%20MKT%20YouTube-csatorn%C3%A1j%C3%A1n.&amp;location=https%3A%2F%2Fwww.youtube.com%2F%40magyarkozgazdasagitarsasag&amp;trp=true&amp;sf=true&amp;output=xml#f\"><strong>Google Calendar<\/strong><\/a><\/em><\/p>","protected":false},"excerpt":{"rendered":"<p>A munkav\u00e9gz\u00e9s k\u00f6z\u00f6s uni\u00f3s szab\u00e1lyai \u2013 hazai tapasztalatok. Ezzel a c\u00edmmel szervez online szakmai rendezv\u00e9nyt a Magyar K\u00f6zgazdas\u00e1gi T\u00e1rsas\u00e1g Munka\u00fcgyi Szakoszt\u00e1lya 2024. febru\u00e1r 15-\u00e9n, cs\u00fct\u00f6rt\u00f6k\u00f6n 14 \u00f3r\u00e1t\u00f3l a Webexen \u00e9s az MKT YouTube-csatorn\u00e1j\u00e1n. A rendezv\u00e9ny ahhoz az egy \u00e9ven \u00e1t tart\u00f3 konferenciasorozathoz kapcsol\u00f3dik, amelynek keret\u00e9ben az MKT szakoszt\u00e1lyai szakter\u00fcletenk\u00e9nt \u00e1ttekintik haz\u00e1nk k\u00e9t \u00e9vtizedes uni\u00f3s tags\u00e1g\u00e1nak [&hellip;]<\/p>\n","protected":false},"author":13835,"featured_media":11489,"comment_status":"closed","ping_status":"open","sticky":false,"template":"","format":"standard","meta":{"_et_pb_use_builder":"","_et_pb_old_content":"","_et_gb_content_width":"","footnotes":""},"categories":[5],"tags":[],"class_list":["post-11486","post","type-post","status-publish","format-standard","has-post-thumbnail","hentry","category-korabbi-redezvenyeink"],"publishpress_future_action":{"enabled":false,"date":"2026-09-13 05:32:31","action":"category","newStatus":"draft","terms":[],"taxonomy":"category","extraData":[]},"publishpress_future_workflow_manual_trigger":{"enabledWorkflows":[]},"_links":{"self":[{"href":"https:\/\/mkt.hu\/hu\/wp-json\/wp\/v2\/posts\/11486","targetHints":{"allow":["GET"]}}],"collection":[{"href":"https:\/\/mkt.hu\/hu\/wp-json\/wp\/v2\/posts"}],"about":[{"href":"https:\/\/mkt.hu\/hu\/wp-json\/wp\/v2\/types\/post"}],"author":[{"embeddable":true,"href":"https:\/\/mkt.hu\/hu\/wp-json\/wp\/v2\/users\/13835"}],"replies":[{"embeddable":true,"href":"https:\/\/mkt.hu\/hu\/wp-json\/wp\/v2\/comments?post=11486"}],"version-history":[{"count":0,"href":"https:\/\/mkt.hu\/hu\/wp-json\/wp\/v2\/posts\/11486\/revisions"}],"wp:featuredmedia":[{"embeddable":true,"href":"https:\/\/mkt.hu\/hu\/wp-json\/wp\/v2\/media\/11489"}],"wp:attachment":[{"href":"https:\/\/mkt.hu\/hu\/wp-json\/wp\/v2\/media?parent=11486"}],"wp:term":[{"taxonomy":"category","embeddable":true,"href":"https:\/\/mkt.hu\/hu\/wp-json\/wp\/v2\/categories?post=11486"},{"taxonomy":"post_tag","embeddable":true,"href":"https:\/\/mkt.hu\/hu\/wp-json\/wp\/v2\/tags?post=11486"}],"curies":[{"name":"wp","href":"https:\/\/api.w.org\/{rel}","templated":true}]}}