{"id":18298,"date":"2026-07-22T12:30:37","date_gmt":"2026-07-22T10:30:37","guid":{"rendered":"https:\/\/mkt.hu\/?p=18298"},"modified":"2026-07-22T12:33:23","modified_gmt":"2026-07-22T10:33:23","slug":"uj-mkt-elnok-vas-megyeben","status":"publish","type":"post","link":"https:\/\/mkt.hu\/hu\/2026\/07\/22\/uj-mkt-elnok-vas-megyeben\/","title":{"rendered":"\u00daj MKT-eln\u00f6k Vas megy\u00e9ben"},"content":{"rendered":"<p class=\"wp-block-paragraph\"><strong>Varga Imre<\/strong>, az ELTE T\u00e1rsadalomtudom\u00e1nyi Kar\u00e1nak tansz\u00e9kvezet\u0151 egyetemi docense szem\u00e9ly\u00e9ben \u00faj eln\u00f6ke van a Magyar K\u00f6zgazdas\u00e1gi T\u00e1rsas\u00e1g Vas Megyei Szervezet\u00e9nek. A megyei szervezet szavaz\u00f3 tagjai az \u00faj eln\u00f6kh\u00f6z hasonl\u00f3an egyhang\u00falag t\u00e1mogatt\u00e1k, hogy a szervezet titk\u00e1ri tiszt\u00e9t a k\u00f6vetkez\u0151 h\u00e1rom \u00e9vben <strong>Juh\u00e1sz Zita<\/strong>, az ELTE T\u00e1rsadalomtudom\u00e1nyi Kar\u00e1nak egyetemi adjunktusa t\u00f6ltse be. \u00dagyszint\u00e9n egyhang\u00falag d\u00f6nt\u00f6ttek a tagok a megyei MKT-szervezet eln\u00f6ks\u00e9g\u00e9r\u0151l is: az eln\u00f6ks\u00e9gi tagjai <strong>Holl\u00f3sy Zsolt Istv\u00e1n<\/strong>, az ELTE T\u00e1rsadalomtudom\u00e1nyi Kar\u00e1nak egyetemi docense; <strong>Viniczay \u00c1rp\u00e1d<\/strong> egy\u00e9ni v\u00e1llalkoz\u00f3, p\u00e9nz\u00fcgyi szak\u00e9rt\u0151, a megyei szervezet eddigi titk\u00e1ra; valamint <strong>G\u00e1sp\u00e1r Marcell<\/strong>, az ELTE T\u00e1rsadalomtudom\u00e1nyi Kar\u00e1nak egyetemi hallgat\u00f3ja lettek.<\/p>\n\n\n\n<p class=\"wp-block-paragraph\"><em>A lek\u00f6sz\u00f6n\u0151 megyei eln\u00f6k, <strong>Bierer G\u00e1bor<\/strong> t\u00f6bb \u00e9vtizedes munk\u00e1j\u00e1t megk\u00f6sz\u00f6nve, a Vas Megyei Szervezet eln\u00f6ks\u00e9gi tagjainak a megv\u00e1laszt\u00e1sukhoz ez\u00faton gratul\u00e1lunk, munk\u00e1jukhoz sok sikert k\u00edv\u00e1nunk!<\/em><\/p>","protected":false},"excerpt":{"rendered":"<p>Varga Imre, az ELTE T\u00e1rsadalomtudom\u00e1nyi Kar\u00e1nak tansz\u00e9kvezet\u0151 egyetemi docense szem\u00e9ly\u00e9ben \u00faj eln\u00f6ke van a Magyar K\u00f6zgazdas\u00e1gi T\u00e1rsas\u00e1g Vas Megyei Szervezet\u00e9nek. A megyei szervezet szavaz\u00f3 tagjai az \u00faj eln\u00f6kh\u00f6z hasonl\u00f3an egyhang\u00falag t\u00e1mogatt\u00e1k, hogy a szervezet titk\u00e1ri tiszt\u00e9t a k\u00f6vetkez\u0151 h\u00e1rom \u00e9vben Juh\u00e1sz Zita, az ELTE T\u00e1rsadalomtudom\u00e1nyi Kar\u00e1nak egyetemi adjunktusa t\u00f6ltse be. \u00dagyszint\u00e9n egyhang\u00falag d\u00f6nt\u00f6ttek a tagok [&hellip;]<\/p>\n","protected":false},"author":13835,"featured_media":18300,"comment_status":"closed","ping_status":"open","sticky":false,"template":"","format":"standard","meta":{"_et_pb_use_builder":"off","_et_pb_old_content":"","_et_gb_content_width":"","footnotes":""},"categories":[6],"tags":[],"class_list":["post-18298","post","type-post","status-publish","format-standard","has-post-thumbnail","hentry","category-hirek"],"publishpress_future_action":{"enabled":false,"date":"2026-09-12 04:00:05","action":"category","newStatus":"draft","terms":[],"taxonomy":"category","extraData":[]},"publishpress_future_workflow_manual_trigger":{"enabledWorkflows":[]},"_links":{"self":[{"href":"https:\/\/mkt.hu\/hu\/wp-json\/wp\/v2\/posts\/18298","targetHints":{"allow":["GET"]}}],"collection":[{"href":"https:\/\/mkt.hu\/hu\/wp-json\/wp\/v2\/posts"}],"about":[{"href":"https:\/\/mkt.hu\/hu\/wp-json\/wp\/v2\/types\/post"}],"author":[{"embeddable":true,"href":"https:\/\/mkt.hu\/hu\/wp-json\/wp\/v2\/users\/13835"}],"replies":[{"embeddable":true,"href":"https:\/\/mkt.hu\/hu\/wp-json\/wp\/v2\/comments?post=18298"}],"version-history":[{"count":3,"href":"https:\/\/mkt.hu\/hu\/wp-json\/wp\/v2\/posts\/18298\/revisions"}],"predecessor-version":[{"id":18303,"href":"https:\/\/mkt.hu\/hu\/wp-json\/wp\/v2\/posts\/18298\/revisions\/18303"}],"wp:featuredmedia":[{"embeddable":true,"href":"https:\/\/mkt.hu\/hu\/wp-json\/wp\/v2\/media\/18300"}],"wp:attachment":[{"href":"https:\/\/mkt.hu\/hu\/wp-json\/wp\/v2\/media?parent=18298"}],"wp:term":[{"taxonomy":"category","embeddable":true,"href":"https:\/\/mkt.hu\/hu\/wp-json\/wp\/v2\/categories?post=18298"},{"taxonomy":"post_tag","embeddable":true,"href":"https:\/\/mkt.hu\/hu\/wp-json\/wp\/v2\/tags?post=18298"}],"curies":[{"name":"wp","href":"https:\/\/api.w.org\/{rel}","templated":true}]}}