{"id":18348,"date":"2026-08-10T06:10:34","date_gmt":"2026-08-10T04:10:34","guid":{"rendered":"https:\/\/mkt.hu\/?p=18348"},"modified":"2026-08-11T16:36:24","modified_gmt":"2026-08-11T14:36:24","slug":"talalkozzunk-egy-honap-mulva-egerben","status":"publish","type":"post","link":"https:\/\/mkt.hu\/hu\/2026\/08\/10\/talalkozzunk-egy-honap-mulva-egerben\/","title":{"rendered":"Tal\u00e1lkozzunk egy h\u00f3nap m\u00falva Egerben!"},"content":{"rendered":"<p class=\"wp-block-paragraph\"><strong>Nem eg\u00e9szen egy h\u00f3nap m\u00falva, 2026. szeptember 10-\u00e9n Varga Mih\u00e1ly jegybankeln\u00f6k \u00e9s K\u00e1rm\u00e1n Andr\u00e1s p\u00e9nz\u00fcgyminiszter el\u0151ad\u00e1s\u00e1val veszi kezdet\u00e9t a 64. K\u00f6zgazd\u00e1sz-v\u00e1ndorgy\u0171l\u00e9s Egerben. A hazai k\u00f6zgazd\u00e1sz szakma legnagyobb \u00e9ves konferenci\u00e1j\u00e1ra mintegy 700 k\u00f6zgazd\u00e1szt v\u00e1r az orsz\u00e1g minden pontj\u00e1r\u00f3l \u00e9s a hat\u00e1rainkon t\u00falr\u00f3l is a szervez\u0151 Magyar K\u00f6zgazdas\u00e1gi T\u00e1rsas\u00e1g.<\/strong><\/p>\n\n\n\n<p class=\"wp-block-paragraph\">Az idei k\u00f6zgazd\u00e1sz-v\u00e1ndorgy\u0171l\u00e9s k\u00e9t plen\u00e1ris \u00e9s 16 helysz\u00edni szekci\u00f3\u00fcl\u00e9s\u00e9nek f\u00f3kusz\u00e1ban ott lesznek a magyar gazdas\u00e1g \u00e9s gazdas\u00e1gir\u00e1ny\u00edt\u00e1s el\u0151tt \u00e1ll\u00f3 legfontosabb <a href=\"https:\/\/kozgazdasz-vandorgyules.blog.hu\/2026\/07\/27\/elemzoi_forum_a_gazdasagpolitikai_fordulatrol\" target=\"_blank\" rel=\"noreferrer noopener\">kih\u00edv\u00e1sok<\/a>: t\u00f6bb szekci\u00f3 foglalkozik majd a mesters\u00e9ges intelligencia haszn\u00e1lat\u00e1nak <a href=\"https:\/\/kozgazdasz-vandorgyules.blog.hu\/2026\/07\/22\/mesterseges_intelligencia_kontroll_vagy_kontrollvesztes\" target=\"_blank\" rel=\"noreferrer noopener\">kock\u00e1zataival<\/a> \u00e9s <a href=\"https:\/\/kozgazdasz-vandorgyules.blog.hu\/2026\/08\/07\/magyar_vallalatok_az_ai-korszakban\" target=\"_blank\" rel=\"noreferrer noopener\">lehet\u0151s\u00e9geivel<\/a>, kiemelten lesz sz\u00f3 az <a href=\"https:\/\/kozgazdasz-vandorgyules.blog.hu\/2026\/07\/20\/koltsegvetesi_politika_fordulatok_es_kockazatok\" target=\"_blank\" rel=\"noreferrer noopener\">\u00e1llamh\u00e1ztart\u00e1s \u00e9s a k\u00f6lts\u00e9gvet\u00e9s<\/a> helyzet\u00e9r\u0151l, az <a href=\"https:\/\/kozgazdasz-vandorgyules.blog.hu\/2026\/07\/13\/fejlesztespolitika_az_uj_mff-ben\" target=\"_blank\" rel=\"noreferrer noopener\">uni\u00f3s forr\u00e1sokr\u00f3l<\/a>, a <a href=\"https:\/\/kozgazdasz-vandorgyules.blog.hu\/2026\/07\/06\/az_orokolt_koltsegvetesi_hiany_es_a_foglalkoztatas\" target=\"_blank\" rel=\"noreferrer noopener\">munkaer\u0151piacr\u00f3l<\/a>, az <a href=\"https:\/\/kozgazdasz-vandorgyules.blog.hu\/2026\/07\/31\/innovacio_valtozo_hangsulyok_a_turbulens_vilagban\" target=\"_blank\" rel=\"noreferrer noopener\">innov\u00e1ci\u00f3r\u00f3l<\/a> \u00e9s a <a href=\"https:\/\/kozgazdasz-vandorgyules.blog.hu\/2026\/08\/03\/gazdasagi_felzarkozas_ujratoltve\" target=\"_blank\" rel=\"noreferrer noopener\">versenyk\u00e9pess\u00e9gr\u0151l<\/a>, a <a href=\"https:\/\/kozgazdasz-vandorgyules.blog.hu\/2026\/07\/16\/bankvezerek_kerekasztala_a_revoluttal\" target=\"_blank\" rel=\"noreferrer noopener\">bankrendszerr\u0151l<\/a>, valamint a turbulens vil\u00e1gpolitikai, <a href=\"https:\/\/kozgazdasz-vandorgyules.blog.hu\/2026\/07\/09\/a_globalis_vilagkereskedelem_kihivasai\" target=\"_blank\" rel=\"noreferrer noopener\">vil\u00e1ggazdas\u00e1gi helyzetr\u0151l<\/a> egyar\u00e1nt. Emellett a k\u00e9tnapos konferencia k\u00e9t panelje is foglalkozik majd az <a href=\"https:\/\/kozgazdasz-vandorgyules.blog.hu\/2026\/08\/05\/fokuszban_a_magyar_euro-csatlakozas\" target=\"_blank\" rel=\"noreferrer noopener\">eur\u00f3 magyarorsz\u00e1gi bevezet\u00e9s\u00e9nek<\/a> t\u00e9mak\u00f6r\u00e9vel.<\/p>\n\n\n\n<p class=\"wp-block-paragraph\">A konferencia el\u0151ad\u00f3i k\u00f6z\u00f6tt a p\u00e9nz\u00fcgyminiszter \u00e9s a jegybankeln\u00f6k mellett ott lesz a korm\u00e1ny k\u00e9t \u00e1llamtitk\u00e1ra, h\u00e1rom helyettes \u00e1llamtitk\u00e1ra, a K\u00f6lts\u00e9gvet\u00e9si Tan\u00e1cs eln\u00f6ke, az \u00c1llamad\u00f3ss\u00e1g Kezel\u0151 K\u00f6zpont vez\u00e9rigazgat\u00f3ja, a Magyar Nemzeti Bank k\u00e9t aleln\u00f6ke; emellett pedig neves gazdas\u00e1gkutat\u00f3k, meghat\u00e1roz\u00f3 nagyv\u00e1llalati \u00e9s banki vezet\u0151k, vez\u00e9rigazgat\u00f3k egyar\u00e1nt megosztj\u00e1k majd gondolataikat a hallgat\u00f3s\u00e1ggal. A konferencia plen\u00e1ris \u00fcl\u00e9sei \u00e9s kiemelt szekci\u00f3i v\u00e1rhat\u00f3an id\u00e9n is \u00e9l\u0151ben k\u00f6vethet\u0151k lesznek a Magyar K\u00f6zgazdas\u00e1gi T\u00e1rsas\u00e1g&nbsp;<strong><a href=\"https:\/\/www.youtube.com\/@magyarkozgazdasagitarsasag\/\">YouTube-csatorn\u00e1j\u00e1n<\/a><\/strong>.<\/p>\n\n\n\n<p class=\"wp-block-paragraph\">A 64. K\u00f6zgazd\u00e1sz-v\u00e1ndorgy\u0171l\u00e9s folyamatosan friss\u00fcl\u0151, b\u0151v\u00fcl\u0151 programja a konferencia honlapj\u00e1n, a\u00a0<strong><a href=\"https:\/\/kozgazdasz-vandorgyules.blog.hu\/\">https:\/\/kozgazdasz-vandorgyules.blog.hu<\/a><\/strong>\u00a0linken el\u00e9rhet\u0151, \u00e9s ugyanitt megtal\u00e1lhat\u00f3k a regisztr\u00e1ci\u00f3val \u00e9s a sz\u00e1ll\u00e1sokkal kapcsolatos praktikus inform\u00e1ci\u00f3k is.<\/p>\n\n\n\n<p class=\"wp-block-paragraph\"><\/p>","protected":false},"excerpt":{"rendered":"<p>Nem eg\u00e9szen egy h\u00f3nap m\u00falva, 2026. szeptember 10-\u00e9n Varga Mih\u00e1ly jegybankeln\u00f6k \u00e9s K\u00e1rm\u00e1n Andr\u00e1s p\u00e9nz\u00fcgyminiszter el\u0151ad\u00e1s\u00e1val veszi kezdet\u00e9t a 64. K\u00f6zgazd\u00e1sz-v\u00e1ndorgy\u0171l\u00e9s Egerben. A hazai k\u00f6zgazd\u00e1sz szakma legnagyobb \u00e9ves konferenci\u00e1j\u00e1ra mintegy 700 k\u00f6zgazd\u00e1szt v\u00e1r az orsz\u00e1g minden pontj\u00e1r\u00f3l \u00e9s a hat\u00e1rainkon t\u00falr\u00f3l is a szervez\u0151 Magyar K\u00f6zgazdas\u00e1gi T\u00e1rsas\u00e1g. Az idei k\u00f6zgazd\u00e1sz-v\u00e1ndorgy\u0171l\u00e9s k\u00e9t plen\u00e1ris \u00e9s 16 helysz\u00edni [&hellip;]<\/p>\n","protected":false},"author":13835,"featured_media":18207,"comment_status":"closed","ping_status":"open","sticky":false,"template":"","format":"standard","meta":{"_et_pb_use_builder":"off","_et_pb_old_content":"","_et_gb_content_width":"","footnotes":""},"categories":[6],"tags":[],"class_list":["post-18348","post","type-post","status-publish","format-standard","has-post-thumbnail","hentry","category-hirek"],"publishpress_future_action":{"enabled":false,"date":"2026-09-12 06:26:04","action":"category","newStatus":"draft","terms":[],"taxonomy":"category","extraData":[]},"publishpress_future_workflow_manual_trigger":{"enabledWorkflows":[]},"_links":{"self":[{"href":"https:\/\/mkt.hu\/hu\/wp-json\/wp\/v2\/posts\/18348","targetHints":{"allow":["GET"]}}],"collection":[{"href":"https:\/\/mkt.hu\/hu\/wp-json\/wp\/v2\/posts"}],"about":[{"href":"https:\/\/mkt.hu\/hu\/wp-json\/wp\/v2\/types\/post"}],"author":[{"embeddable":true,"href":"https:\/\/mkt.hu\/hu\/wp-json\/wp\/v2\/users\/13835"}],"replies":[{"embeddable":true,"href":"https:\/\/mkt.hu\/hu\/wp-json\/wp\/v2\/comments?post=18348"}],"version-history":[{"count":5,"href":"https:\/\/mkt.hu\/hu\/wp-json\/wp\/v2\/posts\/18348\/revisions"}],"predecessor-version":[{"id":18364,"href":"https:\/\/mkt.hu\/hu\/wp-json\/wp\/v2\/posts\/18348\/revisions\/18364"}],"wp:featuredmedia":[{"embeddable":true,"href":"https:\/\/mkt.hu\/hu\/wp-json\/wp\/v2\/media\/18207"}],"wp:attachment":[{"href":"https:\/\/mkt.hu\/hu\/wp-json\/wp\/v2\/media?parent=18348"}],"wp:term":[{"taxonomy":"category","embeddable":true,"href":"https:\/\/mkt.hu\/hu\/wp-json\/wp\/v2\/categories?post=18348"},{"taxonomy":"post_tag","embeddable":true,"href":"https:\/\/mkt.hu\/hu\/wp-json\/wp\/v2\/tags?post=18348"}],"curies":[{"name":"wp","href":"https:\/\/api.w.org\/{rel}","templated":true}]}}