{"id":18380,"date":"2026-08-18T07:49:00","date_gmt":"2026-08-18T05:49:00","guid":{"rendered":"https:\/\/mkt.hu\/?p=18380"},"modified":"2026-08-24T07:55:10","modified_gmt":"2026-08-24T05:55:10","slug":"central-banking-in-a-fragmented-world","status":"publish","type":"post","link":"https:\/\/mkt.hu\/hu\/2026\/08\/18\/central-banking-in-a-fragmented-world\/","title":{"rendered":"Central Banking in a Fragmented World"},"content":{"rendered":"<p class=\"wp-block-paragraph\">A Magyar Nemzeti Bank \u00faj nemzetk\u00f6zi konferencia-sorozatot ind\u00edt <strong>Budapest Financial Summit<\/strong> n\u00e9ven. A rendezv\u00e9nysorozat <em><strong>Central Banking in a Fragmented World<\/strong><\/em> c\u00edmet visel\u0151 nyit\u00f3 esem\u00e9ny\u00e9t <strong>2026. szeptember 16\u201317-\u00e9n<\/strong> (szerda-cs\u00fct\u00f6rt\u00f6k) rendezik meg az MNB Budai K\u00f6zpontj\u00e1ban (1013 Budapest, Krisztina krt. 55.).<\/p>\n\n\n\n<p class=\"wp-block-paragraph\">A konferenci\u00e1t <strong>Varga Mih\u00e1ly<\/strong> jegybankeln\u00f6k \u00e9s <strong>Fatih Karahan<\/strong> t\u00f6r\u00f6k jegybankeln\u00f6k k\u00f6sz\u00f6nt\u0151je nyitja meg. A k\u00e9tnapos szakmai program felsz\u00f3lal\u00f3i k\u00f6z\u00f6tt ott lesz <strong>Min Soo Kwon<\/strong>, a koreai jegybank aleln\u00f6ke, <strong>Binur Zhalenov<\/strong>, a kazah jegybank aleln\u00f6ke, <strong>Holly Fang<\/strong>, a Singapore FinTech Association eln\u00f6ke, <strong>Barry Eichengreen<\/strong>, a Berkeley Egyetem k\u00f6zgazd\u00e1szprofesszora, valamint <strong>Jacob A. Frenkel<\/strong>, az izraeli jegybank kor\u00e1bbi eln\u00f6ke. A r\u00e9szletes program \u00e9s tov\u00e1bbi inform\u00e1ci\u00f3k a rendezv\u00e9ny <strong><a href=\"https:\/\/www.mnb.hu\/budapestfinancialsummit\">honlapj\u00e1n<\/a><\/strong>, az \u00e9l\u0151 k\u00f6zvet\u00edt\u00e9s pedig az <strong><a href=\"https:\/\/www.youtube.com\/@MagyarNemzetiBank\/videos\">MNB YouTube csatorn\u00e1j\u00e1n<\/a><\/strong> kereszt\u00fcl lesz el\u00e9rhet\u0151.<\/p>\n\n\n\n<p class=\"wp-block-paragraph\"><em>A konferenci\u00e1n a szem\u00e9lyes r\u00e9szv\u00e9tel szigor\u00faan el\u0151zetes regisztr\u00e1ci\u00f3hoz k\u00f6t\u00f6tt. A szervez\u0151k k\u00e9rik az \u00e9rdekl\u0151d\u0151ket, hogy a r\u00e9szv\u00e9teli sz\u00e1nd\u00e9kukat az <a href=\"https:\/\/mnbpoll.mnb.hu\/Survey.aspx?surveyid=313033132&amp;lng=en-US\" target=\"_blank\" rel=\"noopener\"><strong>ezen a linken el\u00e9rhet\u0151 \u0171rlapon<\/strong><\/a> jelezz\u00e9k legk\u00e9s\u0151bb szeptember 7-ig.<\/em><\/p>","protected":false},"excerpt":{"rendered":"<p>A Magyar Nemzeti Bank \u00faj nemzetk\u00f6zi konferencia-sorozatot ind\u00edt Budapest Financial Summit n\u00e9ven. A rendezv\u00e9nysorozat Central Banking in a Fragmented World c\u00edmet visel\u0151 nyit\u00f3 esem\u00e9ny\u00e9t 2026. szeptember 16\u201317-\u00e9n (szerda-cs\u00fct\u00f6rt\u00f6k) rendezik meg az MNB Budai K\u00f6zpontj\u00e1ban (1013 Budapest, Krisztina krt. 55.). A konferenci\u00e1t Varga Mih\u00e1ly jegybankeln\u00f6k \u00e9s Fatih Karahan t\u00f6r\u00f6k jegybankeln\u00f6k k\u00f6sz\u00f6nt\u0151je nyitja meg. A k\u00e9tnapos szakmai [&hellip;]<\/p>\n","protected":false},"author":13835,"featured_media":18382,"comment_status":"closed","ping_status":"open","sticky":false,"template":"","format":"standard","meta":{"_et_pb_use_builder":"off","_et_pb_old_content":"","_et_gb_content_width":"","footnotes":""},"categories":[11],"tags":[],"class_list":["post-18380","post","type-post","status-publish","format-standard","has-post-thumbnail","hentry","category-kozelgo-rendezvenyek"],"publishpress_future_action":{"enabled":true,"date":"2026-09-17 23:49:00","action":"category","newStatus":"draft","terms":[5],"taxonomy":"category","extraData":[]},"publishpress_future_workflow_manual_trigger":{"enabledWorkflows":[]},"_links":{"self":[{"href":"https:\/\/mkt.hu\/hu\/wp-json\/wp\/v2\/posts\/18380","targetHints":{"allow":["GET"]}}],"collection":[{"href":"https:\/\/mkt.hu\/hu\/wp-json\/wp\/v2\/posts"}],"about":[{"href":"https:\/\/mkt.hu\/hu\/wp-json\/wp\/v2\/types\/post"}],"author":[{"embeddable":true,"href":"https:\/\/mkt.hu\/hu\/wp-json\/wp\/v2\/users\/13835"}],"replies":[{"embeddable":true,"href":"https:\/\/mkt.hu\/hu\/wp-json\/wp\/v2\/comments?post=18380"}],"version-history":[{"count":4,"href":"https:\/\/mkt.hu\/hu\/wp-json\/wp\/v2\/posts\/18380\/revisions"}],"predecessor-version":[{"id":18386,"href":"https:\/\/mkt.hu\/hu\/wp-json\/wp\/v2\/posts\/18380\/revisions\/18386"}],"wp:featuredmedia":[{"embeddable":true,"href":"https:\/\/mkt.hu\/hu\/wp-json\/wp\/v2\/media\/18382"}],"wp:attachment":[{"href":"https:\/\/mkt.hu\/hu\/wp-json\/wp\/v2\/media?parent=18380"}],"wp:term":[{"taxonomy":"category","embeddable":true,"href":"https:\/\/mkt.hu\/hu\/wp-json\/wp\/v2\/categories?post=18380"},{"taxonomy":"post_tag","embeddable":true,"href":"https:\/\/mkt.hu\/hu\/wp-json\/wp\/v2\/tags?post=18380"}],"curies":[{"name":"wp","href":"https:\/\/api.w.org\/{rel}","templated":true}]}}