{"id":18387,"date":"2026-08-17T07:59:00","date_gmt":"2026-08-17T05:59:00","guid":{"rendered":"https:\/\/mkt.hu\/?p=18387"},"modified":"2026-08-24T08:05:00","modified_gmt":"2026-08-24T06:05:00","slug":"vegso-bucsut-vettunk-kadar-belatol","status":"publish","type":"post","link":"https:\/\/mkt.hu\/hu\/2026\/08\/17\/vegso-bucsut-vettunk-kadar-belatol\/","title":{"rendered":"V\u00e9gs\u0151 b\u00facs\u00fat vett\u00fcnk K\u00e1d\u00e1r B\u00e9l\u00e1t\u00f3l"},"content":{"rendered":"<p class=\"wp-block-paragraph\">V\u00e9gs\u0151 b\u00facs\u00fat vett\u00fcnk augusztus 7-\u00e9n, p\u00e9nteken K\u00e1d\u00e1r B\u00e9la akad\u00e9mikust\u00f3l, Sz\u00e9chenyi-d\u00edjas k\u00f6zgazd\u00e1szt\u00f3l, az MKT \u00f6r\u00f6k\u00f6s tiszteletbeli eln\u00f6k\u00e9t\u0151l. K\u00e1d\u00e1r B\u00e9l\u00e1t Halmai P\u00e9ter akad\u00e9mikus, az MTA IX. Gazdas\u00e1g- \u00e9s Jogtudom\u00e1nyok Oszt\u00e1ly\u00e1nak eln\u00f6ke, az MKT Gazdas\u00e1gpolitikai \u00e9s Gazdas\u00e1gelm\u00e9leti Szakoszt\u00e1ly\u00e1nak eln\u00f6ke b\u00facs\u00faztatta. Halmai P\u00e9ter akad\u00e9mikusnak a b\u00facs\u00faztat\u00e1son elmondott besz\u00e9de elolvashat\u00f3 a honlapunkon.<\/p>\n\n\n\n<p class=\"wp-block-paragraph\"><strong>Tisztelt Gy\u00e1szol\u00f3 Gy\u00fclekezet!<\/strong><\/p>\n\n\n\n<p class=\"wp-block-paragraph\">M\u00e9ly fajdalommal \u00e1llunk itt a mai napon. A k\u00f6zvetlen hozz\u00e1tartoz\u00f3kon \u00e9s bar\u00e1tokon t\u00fal hatalmas vesztes\u00e9g \u00e9rte a hazai k\u00f6zgazdas\u00e1gtudom\u00e1nyt, a szakmai \u00e9s a sz\u00e9lesebb k\u00f6z\u00e9letet egyar\u00e1nt. A f\u00e1j\u00f3 b\u00facs\u00faz\u00e1s a m\u00e9ly szomor\u00fas\u00e1g mellett azonban egyidej\u0171leg alkalom a kiv\u00e9teles \u00e9let\u00fat, az \u00e9letm\u0171 r\u00f6vid \u00e1ttekint\u00e9s\u00e9re is.<\/p>\n\n\n\n<p class=\"wp-block-paragraph\">K\u00e1d\u00e1r B\u00e9la 1934. m\u00e1rcius 21-\u00e9n sz\u00fcletett P\u00e9csett. \u00c9desapja, K\u00e1d\u00e1r Lajos elemi iskolai igazgat\u00f3, \u00e9desanyja, Schmidt Ter\u00e9z. Csal\u00e1dja eg\u00e9sz \u00e9letre sz\u00f3l\u00f3 \u00fatraval\u00f3val l\u00e1tta el. A m\u00e9ly, szil\u00e1rd alapokon nyugv\u00f3 polg\u00e1ri \u00e9rt\u00e9krend mindv\u00e9gig biztos eligazod\u00e1st ny\u00fajtott az elm\u00falt, k\u00f6zel \u00e9vsz\u00e1zadnyi id\u0151szak sokszor viharos hazai val\u00f3s\u00e1g\u00e1ban. A sokak \u00e1ltal m\u00e9lt\u00e1n irigyelt, kiv\u00e9teles m\u0171velts\u00e9g \u00e9s nyelvtud\u00e1s alapjait is e csal\u00e1di k\u00f6rnyezet ny\u00fajtotta, amelyet tov\u00e1bb er\u0151s\u00edtettek szeretett sz\u00fcl\u0151v\u00e1rosa sz\u00ednvonalas iskol\u00e1i. K\u00f6z\u00f6tt\u00fck a ciszterci, jelenlegi nev\u00e9n Nagy Lajos gimn\u00e1zium, amelynek dics\u0151s\u00e9gt\u00e1bl\u00e1j\u00e1n m\u00e1r sok \u00e9ve m\u00e1rv\u00e1nyba v\u00e9sve szerepel K\u00e1d\u00e1r B\u00e9la neve is.<\/p>\n\n\n\n<p class=\"wp-block-paragraph\">1956-ban a K\u00f6zgazdas\u00e1gtudom\u00e1nyi Egyetem p\u00e9nz\u00fcgy szak\u00e1n szerzett diplom\u00e1t, s kezdett k\u00f6zgazd\u00e1szk\u00e9nt dolgozni. Vend\u00e9ghallgat\u00f3k\u00e9nt t\u00f6rt\u00e9nelmet \u00e9s spanyolt is hallgatott az ELTE B\u00f6lcs\u00e9szettudom\u00e1nyi Kar\u00e1n. A felk\u00e9sz\u00fcl\u00e9s id\u0151szaka ut\u00e1n p\u00e1ly\u00e1ja h\u00e1rom f\u0151 szakaszra oszthat\u00f3. 1960-t\u00f3l h\u00e1rom \u00e9vtizeden \u00e1t a kutat\u00e1s \u00e9s az oktat\u00e1s v\u00e1lt f\u0151 tev\u00e9kenys\u00e9gi ter\u00fclet\u00e9v\u00e9. A Konjunkt\u00fara- \u00e9s Piackutat\u00f3 Int\u00e9zetn\u00e9l a fejl\u0151d\u0151 orsz\u00e1gokat kutat\u00f3 csoport vezet\u0151je volt. Ez az int\u00e9zet akkor a rendszer sz\u00e1m\u00e1ra megb\u00edzhatatlannak min\u0151s\u00fcl\u0151, \u00e1m magas szakmai \u00e9s nyelvtud\u00e1ssal rendelkez\u0151 szakemberek mened\u00e9k\u00e9\u00fcl szolg\u00e1lt. K\u00e1d\u00e1r B\u00e9la \u00e9lete v\u00e9g\u00e9ig bar\u00e1ti figyelemmel k\u00eds\u00e9rte az int\u00e9zet, s ut\u00f3dai m\u0171k\u00f6d\u00e9s\u00e9t. F\u0151\u00e1ll\u00e1sa mellett az ELTE BTK spanyol szak\u00e1n le\u00edr\u00f3 nyelvtant \u00e9s latin-amerikai t\u00f6rt\u00e9nelmet oktatott. 1965-t\u0151l 1988-ig az MTA Vil\u00e1ggazdas\u00e1gi Kutat\u00f3int\u00e9zet (VGI) munkat\u00e1rsa, tudom\u00e1nyos oszt\u00e1lyvezet\u0151je, majd kutat\u00e1si igazgat\u00f3ja. 1988 \u00e9s 1990 k\u00f6z\u00f6tt a Tervgazdas\u00e1gi Int\u00e9zet igazgat\u00f3ja. 1967\u20131968-ban Ford-\u00f6szt\u00f6nd\u00edjas a Harvard Egyetemen. Majd Chil\u00e9ben, illetve Peruban, a limai San Marcos Egyetemen tan\u00edtott. Sz\u00e1mos el\u0151ad\u00e1st tartott mintegy nyolcvan k\u00fclf\u00f6ldi egyetemen \u00e9s kutat\u00f3int\u00e9zetben.<\/p>\n\n\n\n<p class=\"wp-block-paragraph\">Lehet\u0151s\u00e9ge lett volna a k\u00fclf\u00f6ldi \u00fajrakezd\u00e9sre. Az akkor uralkod\u00f3 rezsimet megvetette, de m\u00e9ly hazaszeretete visszatartotta az emigr\u00e1ci\u00f3t\u00f3l. Nem tartozott a rendszer kegyeltjei k\u00f6z\u00e9. \u00c1m abban a korban az MTA VGI \u2013 ak\u00e1rcsak m\u00e1s MTA kutat\u00f3int\u00e9zetek \u2013 lehet\u0151s\u00e9get ny\u00fajtott az \u00f6n\u00e1ll\u00f3 \u00e9s f\u00fcggetlen alkot\u00f3munk\u00e1ra. Ebben nagy \u00e9rdemei voltak az alap\u00edt\u00f3 igazgat\u00f3nak, Bogn\u00e1r J\u00f3zsef akad\u00e9mikusnak. Bogn\u00e1r K\u00e1d\u00e1r B\u00e9l\u00e1t is t\u00e1mogatta, noha n\u00e9gyszemk\u00f6zt, a r\u00e1 jellemz\u0151 t\u00e1vols\u00e1gtart\u00e1ssal megjegyezte: \u201eNem k\u00f6nny\u0171 a maga f\u0151n\u00f6k\u00e9nek lenni.\u201d Tudom\u00e1nyos p\u00e1ly\u00e1ja \u2013 egyes dogmatikus szerepl\u0151k t\u00e1mad\u00e1sai ellen\u00e9re \u2013 egyenesen \u00edvelt felfel\u00e9. 1970-ben a k\u00f6zgazdas\u00e1g-tudom\u00e1ny kandid\u00e1tusa, 1980-ban pedig a k\u00f6zgazdas\u00e1g-tudom\u00e1ny doktora fokozatot szerezte meg. J\u00f3l jellemzi a korszakot, s egyben K\u00e1d\u00e1r B\u00e9la egyenes jellem\u00e9t is a nagydoktori elj\u00e1r\u00e1s 1980-ban, A nyilv\u00e1nos v\u00e9d\u00e9sen a b\u00edr\u00e1l\u00f3 bizotts\u00e1g egyik tagja akkor fenyeget\u0151nek t\u0171n\u0151 k\u00e9rd\u00e9st int\u00e9zett a jel\u00f6lth\u00f6z: egy\u00e1ltal\u00e1n marxista m\u0171-e a beny\u00fajtott \u00e9rtekez\u00e9s. K\u00e1d\u00e1r B\u00e9la hat\u00e1rozott nemmel v\u00e1laszolt. Nem kis s\u00falya volt akkor e v\u00e1lasznak. A bizotts\u00e1g tagjai, a p\u00e1lyat\u00e1rsak becs\u00fclet\u00e9re szolg\u00e1lt, hogy az egyetlen k\u00e9rdez\u0151 kiv\u00e9tel\u00e9vel magasan t\u00e1mogatt\u00e1k a tudom\u00e1nyos c\u00edm oda\u00edt\u00e9l\u00e9s\u00e9t.<\/p>\n\n\n\n<p class=\"wp-block-paragraph\">P\u00e1ly\u00e1j\u00e1nak v\u00e9gig er\u0151teljes mozzanata a k\u00f6z szolg\u00e1lata. Az 1980-as \u00e9vek v\u00e9g\u00e9t\u0151l a 2000-es \u00e9vek elej\u00e9ig, p\u00e1ly\u00e1ja m\u00e1sodik szakasz\u00e1ban a k\u00f6z\u00e9leti tev\u00e9kenys\u00e9g ker\u00fclt el\u0151t\u00e9rbe. Nem szem\u00e9lyes amb\u00edci\u00f3b\u00f3l, hanem a k\u00f6teless\u00e9gtudat, a t\u00f6rt\u00e9nelem \u00e1ltal teremtett k\u00f6zfeladatok teljes\u00edt\u00e9se ig\u00e9ny\u00e9b\u0151l ad\u00f3d\u00f3an. M\u00e1r a Tervgazdas\u00e1gi Int\u00e9zet igazgat\u00f3jak\u00e9nt felk\u00e9rt\u00e9k: a H\u00edd-csoport keret\u00e9ben m\u0171k\u00f6dj\u00e9k k\u00f6zre a gazdas\u00e1gi rendszerv\u00e1lt\u00e1s koncepcion\u00e1lis el\u0151k\u00e9sz\u00edt\u00e9s\u00e9ben. 1990-t\u0151l pedig n\u00e9gy \u00e9ven \u00e1t Antall J\u00f3zsef korm\u00e1ny\u00e1nak k\u00fclgazdas\u00e1gi minisztere, nyolc \u00e9ven \u00e1t orsz\u00e1ggy\u0171l\u00e9si k\u00e9pvisel\u0151, 1994 \u00e9s 1998 k\u00f6z\u00f6tt a K\u00f6lts\u00e9gvet\u00e9si Bizotts\u00e1g eln\u00f6ke volt. Ezut\u00e1n r\u00f6vid ideig az EXIMBANK eln\u00f6ke, majd P\u00e1rizsban az OECD-ben nagyk\u00f6vetk\u00e9nt k\u00e9pviselte Magyarorsz\u00e1got. K\u00f6zben tagja lett az orsz\u00e1g gazdas\u00e1gi szempontb\u00f3l egyik legfontosabb test\u00fclet\u00e9nek, a Jegybanktan\u00e1csnak, majd 2008 \u0151sz\u00e9ig ut\u00f3dj\u00e1nak, a Monet\u00e1ris Tan\u00e1csnak.<\/p>\n\n\n\n<p class=\"wp-block-paragraph\">P\u00e1ly\u00e1j\u00e1nak harmadik, befejez\u0151 szakasz\u00e1ban ism\u00e9t a tudom\u00e1ny, s egyben a teljes \u00e9let\u00fat szint\u00e9zise ker\u00fclt k\u00f6z\u00e9ppontba. 2001-ben v\u00e1lasztott\u00e1k meg a Magyar Tudom\u00e1nyos Akad\u00e9mia levelez\u0151, 2007-ben pedig rendes tagj\u00e1v\u00e1. A Szent Istv\u00e1n Tudom\u00e1nyos Akad\u00e9mi\u00e1nak is rendes tagja volt. Sz\u00e1mos akad\u00e9miai test\u00fcletben t\u00f6lt\u00f6tt be tiszts\u00e9geket. 1990-t\u0151l a Magyar K\u00f6zgazdas\u00e1gi T\u00e1rsas\u00e1g (MKT) aleln\u00f6ki, majd eln\u00f6ki, illetve \u00f6r\u00f6k\u00f6s eln\u00f6ki tiszts\u00e9g\u00e9t l\u00e1tta el. Munk\u00e1ss\u00e1ga sz\u00e1mos magas tudom\u00e1nyos \u00e9s k\u00f6z\u00e9leti elismer\u00e9sben r\u00e9szes\u00fclt. Egyebek mellett a n\u00e9met Szoci\u00e1lis Piacgazdas\u00e1g\u00e9rt d\u00edjat, a limai San Marcos Egyetem \u00e9s tov\u00e1bbi egyetemek d\u00edszdoktori c\u00edmeit, a Magyar K\u00f6zt\u00e1rsas\u00e1gi \u00c9rdemrend k\u00f6z\u00e9pkeresztje a csillaggal kit\u00fcntet\u00e9st kapta meg. 2019-ben pedig Sz\u00e9chenyi-d\u00edjjal ismert\u00e9k el kiemelked\u0151 tudom\u00e1nyos munk\u00e1ss\u00e1g\u00e1t.<\/p>\n\n\n\n<p class=\"wp-block-paragraph\">Kutat\u00e1si ter\u00fcletei els\u0151sorban az \u00f6sszehasonl\u00edt\u00f3 gazdas\u00e1gpolitika, a moderniz\u00e1ci\u00f3, a gazdas\u00e1gi n\u00f6veked\u00e9s \u00e9s a nemzetk\u00f6zi gazdas\u00e1gi egy\u00fcttm\u0171k\u00f6d\u00e9s ir\u00e1nyzatai voltak. \u00d6sszehasonl\u00edt\u00f3 m\u00f3don elemezte a fejl\u0151d\u00e9si utakhoz kapcsol\u00f3d\u00f3 nemzeti \u00e9s region\u00e1lis saj\u00e1toss\u00e1gokat, tanuls\u00e1gokat. K\u00fcl\u00f6n\u00f6s figyelemmel a latin-amerikai orsz\u00e1gokra \u00e9s a k\u00f6zepes fejletts\u00e9g probl\u00e9m\u00e1ira. Nemzetk\u00f6zileg is nagy figyelmet keltettek a befel\u00e9 fordul\u00f3, importhelyettes\u00edt\u00e9sre alapozott gazdas\u00e1gi n\u00f6veked\u00e9s korl\u00e1tait elemz\u0151, illetve a vil\u00e1ggazdas\u00e1gban kibontakoz\u00f3 tart\u00f3s hat\u00e1s\u00fa szerkezeti v\u00e1ltoz\u00e1sokat felt\u00e1r\u00f3 kutat\u00e1sai.<\/p>\n\n\n\n<p class=\"wp-block-paragraph\">2007-ben tartott akad\u00e9miai rendes tagi sz\u00e9kfoglal\u00f3j\u00e1hoz L\u00e1ng Lajos akad\u00e9mikusnak, az MKT alap\u00edt\u00f3 eln\u00f6kek\u00e9nt, el\u0151djek\u00e9nt t\u00f6bb mint sz\u00e1z \u00e9vvel kor\u00e1bban tartott el\u0151ad\u00e1sa c\u00edm\u00e9t k\u00f6lcs\u00f6n\u00f6zte. Deficitjeink c\u00edmmel k\u00edm\u00e9letlen kritik\u00e1val vette sz\u00e1mba a hazai gazdas\u00e1gi \u00e9s t\u00e1rsadalmi felemelked\u00e9s m\u00e9lyebb, rendszerszint\u0171 akad\u00e1lyait. Ma is id\u0151szer\u0171 z\u00e1r\u00f3mondatai szerint: <em>\u201eKiutat, ter\u00e1pi\u00e1t csak a hum\u00e1ner\u0151forr\u00e1sok fel\u00e9rt\u00e9kel\u0151d\u00e9se, nemesed\u00e9se jelenthet. A t\u00e1rsadalom \u00e9s \u00f6nmagunk \u00e1tfog\u00f3 erk\u00f6lcsi, politikai, szeml\u00e9leti meg\u00fajhod\u00e1sa, konszenzu\u00e1lis kult\u00fara, multidiszciplin\u00e1ris tudom\u00e1nyos alapon kialak\u00edtott j\u00f6v\u0151k\u00e9p \u00e9s hosszabb t\u00e1v\u00fa nemzetstrat\u00e9gia k\u00f6vetkezetes v\u00e9grehajt\u00e1sa t\u00fcntetheti el a nemzet fejl\u0151d\u00e9s\u00e9nek korl\u00e1tait, deficitjeit. Ma m\u00e9g nem megalapozatlan a rem\u00e9ny, hogy sorsot ford\u00edthatunk.\u201d<\/em><\/p>\n\n\n\n<p class=\"wp-block-paragraph\">Munk\u00e1ss\u00e1g\u00e1nak kiv\u00e9teles saj\u00e1toss\u00e1ga, hogy a rendszerv\u00e1lt\u00e1s id\u0151szak\u00e1ban a gazdas\u00e1gpolitika egyik, a k\u00fclgazdas\u00e1gi politik\u00e1t tekintve meghat\u00e1roz\u00f3 alak\u00edt\u00f3j\u00e1v\u00e1 is v\u00e1lt. \u00c1ll\u00e1spontja szerint a magyar gazdas\u00e1g piacos\u00edt\u00e1sa \u00e9s felz\u00e1rk\u00f3ztat\u00e1sa csak exportorient\u00e1lt v\u00e1llalkoz\u00e1s\u00e9l\u00e9nk\u00edt\u00e9ssel \u00e9s k\u00edn\u00e1latb\u0151v\u00edt\u00e9ssel k\u00e9pzelhet\u0151 el. Gazdas\u00e1gi diplom\u00e1ci\u00e1ja eredm\u00e9nyek\u00e9ppen Magyarorsz\u00e1g liberaliz\u00e1lta kereskedelempolitik\u00e1j\u00e1t, els\u0151k\u00e9nt ker\u00fclt le a COCOM-list\u00e1r\u00f3l, b\u0151v\u00fcltek az OECD-vel \u00e9s az EU-val kialak\u00edtott kapcsolatok, intenz\u00edvv\u00e9 v\u00e1lt a k\u00fclf\u00f6ldi t\u0151kebe\u00e1raml\u00e1s.<\/p>\n\n\n\n<p class=\"wp-block-paragraph\">Gazdag \u00e9letm\u0171v\u00e9nek fontos eleme a nemzet sors\u00e1\u00e9rt, a hat\u00e1rokon k\u00edv\u00fcl rekedt magyars\u00e1g\u00e9rt \u00e9rzett felel\u0151ss\u00e9g. Mindig b\u00e1tran v\u00e1llalta, hogy az orsz\u00e1g felemelked\u00e9s\u00e9\u00e9rt hat\u00e1rozott \u00e9s j\u00f3l \u00e1tgondolt korm\u00e1nyzati strat\u00e9gi\u00e1ra \u00e9s cselekv\u00e9sre van sz\u00fcks\u00e9g.<br>K\u00e1d\u00e1r B\u00e9la, az elm\u00e9ly\u00fclt, al\u00e1zatos kutat\u00f3, egyben felel\u0151s k\u00f6z\u00e9leti szerepl\u0151 rendk\u00edv\u00fcl sz\u00ednes, renesz\u00e1nsz ember volt. Kiv\u00e9teles m\u0171velts\u00e9g\u00e9t \u00e9s nyelvtud\u00e1s\u00e1t egyar\u00e1nt csod\u00e1ltuk. Nagyon szerette a zen\u00e9t, s m\u00e9g \u00e9lete v\u00e9g\u00e9n is \u00f6r\u00f6met szerzett neki, ha zongor\u00e1n j\u00e1tszott. Kedvenc sport\u00e1ga a lovagl\u00e1s volt. Kiv\u00e9teles, ironikus humora is \u00e9lm\u00e9nyt jelentett bar\u00e1ti t\u00e1rsas\u00e1ga sz\u00e1m\u00e1ra. Nagy figyelemmel, hat\u00e9konyan seg\u00edtette a fiatal kutat\u00f3 koll\u00e9g\u00e1k p\u00e1ly\u00e1j\u00e1t.<\/p>\n\n\n\n<p class=\"wp-block-paragraph\">Mindig objektivit\u00e1sra t\u00f6rekedett. Sz\u00edvesen hivatkozott Tacitusra: Sine ira et studio. Harag \u00e9s r\u00e9szrehajl\u00e1s n\u00e9lk\u00fcl. A b\u00f6lcs szeml\u00e9l\u0151d\u00e9s, a m\u00e9lyebb \u00f6sszef\u00fcgg\u00e9sek keres\u00e9se jellemezte. A felsz\u00ednes, \u00e9rtelmetlen vit\u00e1kat elker\u00fclte. Mindez k\u00fcl\u00f6n\u00f6s s\u00falyt adott szavainak, amikor maga is v\u00e9lem\u00e9nyt nyilv\u00e1n\u00edtott. M\u00e9lyrehat\u00f3 vit\u00e1k nagy hat\u00e1s\u00fa, figyelmes \u00e9s toler\u00e1ns r\u00e9sztvev\u0151je volt.<br>Eg\u00e9sz \u00e9let\u00e9ben a min\u0151s\u00e9g\u00e9rt k\u00fczd\u00f6tt. Nehezen viselte a k\u00f6z\u00e9pszer\u0171s\u00e9get. Mindezt hazaszerete is magyar\u00e1zta. Maga is osztotta M\u00e1rai S\u00e1ndor \u00e1ll\u00e1spontj\u00e1t: <em>\u201cMagyarorsz\u00e1g \u2026 csak a min\u0151s\u00e9g ig\u00e9ny\u00e9vel \u00e9lhet \u00e9s maradhat fenn az \u00faj Eur\u00f3p\u00e1ban; nincs m\u00f3dunk k\u00f6z\u00e9pszer\u0171nek lenni.\u201d<\/em><\/p>\n\n\n\n<p class=\"wp-block-paragraph\">K\u00e1d\u00e1r B\u00e9la a k\u00f6zgazdas\u00e1g-tudom\u00e1nyt, a k\u00f6zgazd\u00e1sz szakmais\u00e1got k\u00e9pviselte minden id\u0151ben, a rendszerv\u00e1lt\u00e1s el\u0151tt \u00e9s a rendszerv\u00e1lt\u00e1s ut\u00e1n egyar\u00e1nt. Ez\u00e9rt rengeteget \u00fctk\u00f6z\u00f6tt mindk\u00e9t korszakban, olykor m\u00e9g a saj\u00e1t korm\u00e1ny\u00e1ban is. Kiv\u00e1l\u00f3 k\u00f6zgazdas\u00e1gi elemz\u00e9sei, a vil\u00e1ggazdas\u00e1g \u00e9s a nemzetgazdas\u00e1gok fejl\u0151d\u00e9s\u00e9t meghat\u00e1roz\u00f3 \u00f6sszef\u00fcgg\u00e9seket felt\u00e1r\u00f3 \u00edr\u00e1sai ma is revelat\u00edv \u00fatmutat\u00e1st ny\u00fajtanak a k\u00f6zgazdas\u00e1g-tudom\u00e1ny m\u0171vel\u0151inek, s a gazdas\u00e1gpolitika alak\u00edt\u00f3inak. Szem\u00e9lyis\u00e9ge, egyenes jelleme, mor\u00e1lis tart\u00e1sa \u00e9s hazaszeretete pedig ugyancsak valamennyi\u00fcnk sz\u00e1m\u00e1ra p\u00e9lda \u00e9rt\u00e9k\u0171. Eml\u00e9k\u00e9t, szellem\u00e9t, \u00e9letm\u0171v\u00e9t kegyelettel \u0151rizz\u00fck.<\/p>\n\n\n\n<p class=\"wp-block-paragraph\">Nyugodj\u00e9k b\u00e9k\u00e9ben!<\/p>\n\n\n\n<p class=\"wp-block-paragraph\"><\/p>","protected":false},"excerpt":{"rendered":"<p>V\u00e9gs\u0151 b\u00facs\u00fat vett\u00fcnk augusztus 7-\u00e9n, p\u00e9nteken K\u00e1d\u00e1r B\u00e9la akad\u00e9mikust\u00f3l, Sz\u00e9chenyi-d\u00edjas k\u00f6zgazd\u00e1szt\u00f3l, az MKT \u00f6r\u00f6k\u00f6s tiszteletbeli eln\u00f6k\u00e9t\u0151l. K\u00e1d\u00e1r B\u00e9l\u00e1t Halmai P\u00e9ter akad\u00e9mikus, az MTA IX. Gazdas\u00e1g- \u00e9s Jogtudom\u00e1nyok Oszt\u00e1ly\u00e1nak eln\u00f6ke, az MKT Gazdas\u00e1gpolitikai \u00e9s Gazdas\u00e1gelm\u00e9leti Szakoszt\u00e1ly\u00e1nak eln\u00f6ke b\u00facs\u00faztatta. Halmai P\u00e9ter akad\u00e9mikusnak a b\u00facs\u00faztat\u00e1son elmondott besz\u00e9de elolvashat\u00f3 a honlapunkon. Tisztelt Gy\u00e1szol\u00f3 Gy\u00fclekezet! M\u00e9ly fajdalommal \u00e1llunk itt a [&hellip;]<\/p>\n","protected":false},"author":13835,"featured_media":18383,"comment_status":"closed","ping_status":"open","sticky":false,"template":"","format":"standard","meta":{"_et_pb_use_builder":"off","_et_pb_old_content":"","_et_gb_content_width":"","footnotes":""},"categories":[6],"tags":[],"class_list":["post-18387","post","type-post","status-publish","format-standard","has-post-thumbnail","hentry","category-hirek"],"publishpress_future_action":{"enabled":false,"date":"2026-09-12 06:42:53","action":"category","newStatus":"draft","terms":[],"taxonomy":"category","extraData":[]},"publishpress_future_workflow_manual_trigger":{"enabledWorkflows":[]},"_links":{"self":[{"href":"https:\/\/mkt.hu\/hu\/wp-json\/wp\/v2\/posts\/18387","targetHints":{"allow":["GET"]}}],"collection":[{"href":"https:\/\/mkt.hu\/hu\/wp-json\/wp\/v2\/posts"}],"about":[{"href":"https:\/\/mkt.hu\/hu\/wp-json\/wp\/v2\/types\/post"}],"author":[{"embeddable":true,"href":"https:\/\/mkt.hu\/hu\/wp-json\/wp\/v2\/users\/13835"}],"replies":[{"embeddable":true,"href":"https:\/\/mkt.hu\/hu\/wp-json\/wp\/v2\/comments?post=18387"}],"version-history":[{"count":3,"href":"https:\/\/mkt.hu\/hu\/wp-json\/wp\/v2\/posts\/18387\/revisions"}],"predecessor-version":[{"id":18391,"href":"https:\/\/mkt.hu\/hu\/wp-json\/wp\/v2\/posts\/18387\/revisions\/18391"}],"wp:featuredmedia":[{"embeddable":true,"href":"https:\/\/mkt.hu\/hu\/wp-json\/wp\/v2\/media\/18383"}],"wp:attachment":[{"href":"https:\/\/mkt.hu\/hu\/wp-json\/wp\/v2\/media?parent=18387"}],"wp:term":[{"taxonomy":"category","embeddable":true,"href":"https:\/\/mkt.hu\/hu\/wp-json\/wp\/v2\/categories?post=18387"},{"taxonomy":"post_tag","embeddable":true,"href":"https:\/\/mkt.hu\/hu\/wp-json\/wp\/v2\/tags?post=18387"}],"curies":[{"name":"wp","href":"https:\/\/api.w.org\/{rel}","templated":true}]}}