{"id":18392,"date":"2026-08-25T06:00:00","date_gmt":"2026-08-25T04:00:00","guid":{"rendered":"https:\/\/mkt.hu\/?p=18392"},"modified":"2026-08-24T14:40:20","modified_gmt":"2026-08-24T12:40:20","slug":"vandorgyules-egy-het-maradt-a-regisztraciora","status":"publish","type":"post","link":"https:\/\/mkt.hu\/hu\/2026\/08\/25\/vandorgyules-egy-het-maradt-a-regisztraciora\/","title":{"rendered":"V\u00e1ndorgy\u0171l\u00e9s: egy h\u00e9t maradt a regisztr\u00e1ci\u00f3ra!"},"content":{"rendered":"<p class=\"wp-block-paragraph\"><strong>C\u00e9legyenesbe \u00e9rt a regisztr\u00e1ci\u00f3 a 64. K\u00f6zgazd\u00e1sz-v\u00e1ndorgy\u0171l\u00e9sre &#8211; m\u00e1r csak egy het\u00fck maradt regisztr\u00e1lni az \u00e9rdekl\u0151d\u0151knek a hazai k\u00f6zgazd\u00e1sz szakma legnagyobb \u00e9ves konferenci\u00e1j\u00e1ra! A r\u00e9szletes helysz\u00edni program \u00f6ssze\u00e1llt, \u00e9s csaknem 600-an m\u00e1r jelentkeztek, de vannak m\u00e9g szabad sz\u00e1ll\u00e1shelyek a rendezv\u00e9nyre. \u00c9rdemes igyekezni a regisztr\u00e1ci\u00f3val!<\/strong><\/p>\n\n\n\n<p class=\"wp-block-paragraph\">Gazdag \u00e9s izgalmas szakmai program v\u00e1rja a r\u00e9sztvev\u0151ket szeptember 10-11-\u00e9n Egerben, a 64. K\u00f6zgazd\u00e1sz-v\u00e1ndorgy\u0171l\u00e9sen. A konferencia mintegy 110 el\u0151ad\u00f3ja 16 helysz\u00edni \u00e9s \u00f6t el\u0151re r\u00f6gz\u00edtett szekci\u00f3 keret\u00e9ben osztja meg gondolatait a hallgat\u00f3s\u00e1ggal. Az el\u0151ad\u00f3k k\u00f6z\u00f6tt ott lesz Varga Mih\u00e1ly jegybankeln\u00f6k, K\u00e1rm\u00e1n Andr\u00e1s p\u00e9nz\u00fcgyminiszter, a korm\u00e1ny k\u00e9t \u00e1llamtitk\u00e1ra, n\u00e9gy helyettes \u00e1llamtitk\u00e1ra, a Magyar Nemzeti Bank k\u00e9t aleln\u00f6ke, a K\u00f6lts\u00e9gvet\u00e9si Tan\u00e1cs, a KSH, a KAVOSZ \u00e9s a Joint Venture Sz\u00f6vets\u00e9g eln\u00f6ke, az \u00c1llamad\u00f3ss\u00e1g Kezel\u0151 K\u00f6zpont Zrt. \u00e9s \u00f6t bank vez\u00e9rigazgat\u00f3ja, k\u00e9t olimpiai bajnok, k\u00e9t volt uni\u00f3s biztos, \u00e9s olyan neves k\u00f6zgazd\u00e1szok, mint Halmai P\u00e9ter, Oblath G\u00e1bor, Pog\u00e1tsa Zolt\u00e1n, Oszk\u00f3 P\u00e9ter, Bod P\u00e9ter \u00c1kos, Csath Magdolna&#8230;<\/p>\n\n\n\n<p class=\"wp-block-paragraph\">Az idei k\u00f6zgazd\u00e1sz-v\u00e1ndorgy\u0171l\u00e9s f\u00f3kusz\u00e1ban ott lesznek a magyar gazdas\u00e1g \u00e9s gazdas\u00e1gir\u00e1ny\u00edt\u00e1s el\u0151tt \u00e1ll\u00f3 legfontosabb&nbsp;<a href=\"https:\/\/kozgazdasz-vandorgyules.blog.hu\/2026\/07\/27\/elemzoi_forum_a_gazdasagpolitikai_fordulatrol\" target=\"_blank\" rel=\"noopener\">kih\u00edv\u00e1sok<\/a>: t\u00f6bb szekci\u00f3 foglalkozik majd a mesters\u00e9ges intelligencia haszn\u00e1lat\u00e1nak&nbsp;<a href=\"https:\/\/kozgazdasz-vandorgyules.blog.hu\/2026\/07\/22\/mesterseges_intelligencia_kontroll_vagy_kontrollvesztes\" target=\"_blank\" rel=\"noopener\">kock\u00e1zataival<\/a>&nbsp;\u00e9s&nbsp;<a href=\"https:\/\/kozgazdasz-vandorgyules.blog.hu\/2026\/08\/07\/magyar_vallalatok_az_ai-korszakban\" target=\"_blank\" rel=\"noopener\">lehet\u0151s\u00e9geivel<\/a>, kiemelten lesz sz\u00f3 az&nbsp;<a href=\"https:\/\/kozgazdasz-vandorgyules.blog.hu\/2026\/07\/20\/koltsegvetesi_politika_fordulatok_es_kockazatok\" target=\"_blank\" rel=\"noopener\">\u00e1llamh\u00e1ztart\u00e1s \u00e9s a k\u00f6lts\u00e9gvet\u00e9s<\/a>&nbsp;helyzet\u00e9r\u0151l, az&nbsp;<a href=\"https:\/\/kozgazdasz-vandorgyules.blog.hu\/2026\/07\/13\/fejlesztespolitika_az_uj_mff-ben\" target=\"_blank\" rel=\"noopener\">uni\u00f3s forr\u00e1sokr\u00f3l<\/a>, a&nbsp;<a href=\"https:\/\/kozgazdasz-vandorgyules.blog.hu\/2026\/07\/06\/az_orokolt_koltsegvetesi_hiany_es_a_foglalkoztatas\" target=\"_blank\" rel=\"noopener\">munkaer\u0151piacr\u00f3l<\/a>, az&nbsp;<a href=\"https:\/\/kozgazdasz-vandorgyules.blog.hu\/2026\/07\/31\/innovacio_valtozo_hangsulyok_a_turbulens_vilagban\" target=\"_blank\" rel=\"noopener\">innov\u00e1ci\u00f3r\u00f3l<\/a>&nbsp;\u00e9s a&nbsp;<a href=\"https:\/\/kozgazdasz-vandorgyules.blog.hu\/2026\/08\/03\/gazdasagi_felzarkozas_ujratoltve\" target=\"_blank\" rel=\"noopener\">versenyk\u00e9pess\u00e9gr\u0151l<\/a>, a&nbsp;<a href=\"https:\/\/kozgazdasz-vandorgyules.blog.hu\/2026\/07\/16\/bankvezerek_kerekasztala_a_revoluttal\" target=\"_blank\" rel=\"noopener\">bankrendszerr\u0151l<\/a>, valamint a turbulens vil\u00e1gpolitikai,&nbsp;<a href=\"https:\/\/kozgazdasz-vandorgyules.blog.hu\/2026\/07\/09\/a_globalis_vilagkereskedelem_kihivasai\" target=\"_blank\" rel=\"noopener\">vil\u00e1ggazdas\u00e1gi helyzetr\u0151l<\/a>&nbsp;egyar\u00e1nt. Emellett a k\u00e9tnapos konferencia k\u00e9t panelje is foglalkozik majd az&nbsp;<a href=\"https:\/\/kozgazdasz-vandorgyules.blog.hu\/2026\/08\/05\/fokuszban_a_magyar_euro-csatlakozas\" target=\"_blank\" rel=\"noopener\">eur\u00f3 magyarorsz\u00e1gi bevezet\u00e9s\u00e9nek<\/a>&nbsp;t\u00e9mak\u00f6r\u00e9vel.<\/p>\n\n\n\n<p class=\"wp-block-paragraph\">A konferencia nyit\u00f3 plen\u00e1ris \u00fcl\u00e9s\u00e9t \u00e9s kiemelt szekci\u00f3it id\u00e9n is \u00e9l\u0151ben k\u00f6zvet\u00edtj\u00fck a Magyar K\u00f6zgazdas\u00e1gi T\u00e1rsas\u00e1g <a href=\"https:\/\/www.youtube.com\/@magyarkozgazdasagitarsasag\/streams\" target=\"_blank\" rel=\"noopener\">YouTube-csatorn\u00e1j\u00e1n<\/a> \u00e9s a konferencia <a href=\"https:\/\/kozgazdasz-vandorgyules.blog.hu\/\" target=\"_blank\" rel=\"noopener\">honlapj\u00e1n<\/a>. A v\u00e1ndorgy\u0171l\u00e9s <a href=\"https:\/\/kozgazdasz-vandorgyules.blog.hu\/2026\/08\/19\/ot_plusz_szekcio_elore_rogzitve\" target=\"_blank\" rel=\"noopener\">\u00f6t el\u0151re r\u00f6gz\u00edtett szekci\u00f3j\u00e1nak<\/a> felv\u00e9tel\u00e9t a tan\u00e1cskoz\u00e1s kezdetekor, szeptember 10-\u00e9n d\u00e9lel\u0151tt tessz\u00fck el\u00e9rhet\u0151v\u00e9 a honlapon \u00e9s a YouTube-on. A t\u00f6bbi helysz\u00edni szekci\u00f3 a terveink szerint a v\u00e1ndorgy\u0171l\u00e9st k\u00f6vet\u0151 h\u00e9ten lesz visszan\u00e9zhet\u0151 a konferencia honlapj\u00e1n.<\/p>\n\n\n\n<p class=\"wp-block-paragraph\"><em>A 63. K\u00f6zgazd\u00e1sz-v\u00e1ndorgy\u0171l\u00e9s folyamatosan friss\u00fcl\u0151, b\u0151v\u00fcl\u0151 programja a konferencia honlapj\u00e1n, a <a href=\"https:\/\/kozgazdasz-vandorgyules.blog.hu\" target=\"_blank\" rel=\"noopener\"><strong>https:\/\/kozgazdasz-vandorgyules.blog.hu<\/strong><\/a> linken el\u00e9rhet\u0151, \u00e9s ugyanitt megtal\u00e1lhat\u00f3k a regisztr\u00e1ci\u00f3val \u00e9s a <a href=\"https:\/\/kozgazdasz-vandorgyules.blog.hu\/2015\/08\/17\/szallashelyek_579\" target=\"_blank\" rel=\"noopener\"><strong>sz\u00e1ll\u00e1sokkal<\/strong><\/a> kapcsolatos praktikus inform\u00e1ci\u00f3k is. \u00c9rdemes igyekezni, mert <strong>a regisztr\u00e1ci\u00f3 szeptember elsej\u00e9n, kedden 16 \u00f3rakor z\u00e1rul<\/strong>, ezt k\u00f6vet\u0151en m\u00e1r csak a helysz\u00ednen lesz lehet\u0151s\u00e9g napijegyek v\u00e1s\u00e1rl\u00e1s\u00e1ra.<\/em><\/p>\n\n\n\n<p class=\"wp-block-paragraph\"><em><strong>A konferenci\u00e1ra regisztr\u00e1lni <a href=\"https:\/\/forms.gle\/Q6TCJDYuw8w1ADo39\" target=\"_blank\" rel=\"noopener\">ezen a linken<\/a> lehet<\/strong>.<\/em><\/p>","protected":false},"excerpt":{"rendered":"<p>C\u00e9legyenesbe \u00e9rt a regisztr\u00e1ci\u00f3 a 64. K\u00f6zgazd\u00e1sz-v\u00e1ndorgy\u0171l\u00e9sre &#8211; m\u00e1r csak egy het\u00fck maradt regisztr\u00e1lni az \u00e9rdekl\u0151d\u0151knek a hazai k\u00f6zgazd\u00e1sz szakma legnagyobb \u00e9ves konferenci\u00e1j\u00e1ra! A r\u00e9szletes helysz\u00edni program \u00f6ssze\u00e1llt, \u00e9s csaknem 600-an m\u00e1r jelentkeztek, de vannak m\u00e9g szabad sz\u00e1ll\u00e1shelyek a rendezv\u00e9nyre. \u00c9rdemes igyekezni a regisztr\u00e1ci\u00f3val! Gazdag \u00e9s izgalmas szakmai program v\u00e1rja a r\u00e9sztvev\u0151ket szeptember 10-11-\u00e9n Egerben, [&hellip;]<\/p>\n","protected":false},"author":13835,"featured_media":18207,"comment_status":"closed","ping_status":"open","sticky":false,"template":"","format":"standard","meta":{"_et_pb_use_builder":"off","_et_pb_old_content":"","_et_gb_content_width":"","footnotes":""},"categories":[6],"tags":[],"class_list":["post-18392","post","type-post","status-publish","format-standard","has-post-thumbnail","hentry","category-hirek"],"publishpress_future_action":{"enabled":false,"date":"2026-09-12 07:25:20","action":"category","newStatus":"draft","terms":[],"taxonomy":"category","extraData":[]},"publishpress_future_workflow_manual_trigger":{"enabledWorkflows":[]},"_links":{"self":[{"href":"https:\/\/mkt.hu\/hu\/wp-json\/wp\/v2\/posts\/18392","targetHints":{"allow":["GET"]}}],"collection":[{"href":"https:\/\/mkt.hu\/hu\/wp-json\/wp\/v2\/posts"}],"about":[{"href":"https:\/\/mkt.hu\/hu\/wp-json\/wp\/v2\/types\/post"}],"author":[{"embeddable":true,"href":"https:\/\/mkt.hu\/hu\/wp-json\/wp\/v2\/users\/13835"}],"replies":[{"embeddable":true,"href":"https:\/\/mkt.hu\/hu\/wp-json\/wp\/v2\/comments?post=18392"}],"version-history":[{"count":5,"href":"https:\/\/mkt.hu\/hu\/wp-json\/wp\/v2\/posts\/18392\/revisions"}],"predecessor-version":[{"id":18398,"href":"https:\/\/mkt.hu\/hu\/wp-json\/wp\/v2\/posts\/18392\/revisions\/18398"}],"wp:featuredmedia":[{"embeddable":true,"href":"https:\/\/mkt.hu\/hu\/wp-json\/wp\/v2\/media\/18207"}],"wp:attachment":[{"href":"https:\/\/mkt.hu\/hu\/wp-json\/wp\/v2\/media?parent=18392"}],"wp:term":[{"taxonomy":"category","embeddable":true,"href":"https:\/\/mkt.hu\/hu\/wp-json\/wp\/v2\/categories?post=18392"},{"taxonomy":"post_tag","embeddable":true,"href":"https:\/\/mkt.hu\/hu\/wp-json\/wp\/v2\/tags?post=18392"}],"curies":[{"name":"wp","href":"https:\/\/api.w.org\/{rel}","templated":true}]}}