{"id":18414,"date":"2026-09-03T13:27:48","date_gmt":"2026-09-03T11:27:48","guid":{"rendered":"https:\/\/mkt.hu\/?p=18414"},"modified":"2026-09-03T13:33:31","modified_gmt":"2026-09-03T11:33:31","slug":"elo-kozveziteseink-a-64-kozgazdasz-vandorgyulesrol","status":"publish","type":"post","link":"https:\/\/mkt.hu\/hu\/2026\/09\/03\/elo-kozveziteseink-a-64-kozgazdasz-vandorgyulesrol\/","title":{"rendered":"\u00c9l\u0151 k\u00f6zvez\u00edt\u00e9seink a 64. K\u00f6zgazd\u00e1sz-v\u00e1ndorgy\u0171l\u00e9sr\u0151l"},"content":{"rendered":"<p class=\"wp-block-paragraph\"><strong>Ak\u00e1rcsak az elm\u00falt \u00e9vekben, id\u00e9n is \u00e9l\u0151 internetes k\u00f6zvet\u00edt\u00e9st tervez\u00fcnk a 64. K\u00f6zgazd\u00e1sz-v\u00e1ndorgy\u0171l\u00e9s cs\u00fct\u00f6rt\u00f6ki nyit\u00f3 plen\u00e1ris \u00fcl\u00e9s\u00e9r\u0151l, valamint a konferencia n\u00e9gy kiemelt szekci\u00f3j\u00e1r\u00f3l <a href=\"https:\/\/kozgazdasz-vandorgyules.blog.hu\/\" target=\"_blank\" rel=\"noopener\">a konferencia honlapj\u00e1n<\/a> \u00e9s a Magyar K\u00f6zgazdas\u00e1gi T\u00e1rsas\u00e1g\u00a0<a href=\"https:\/\/www.youtube.com\/@magyarkozgazdasagitarsasag\/streams\" target=\"_blank\" rel=\"noopener\">YouTube-csatorn\u00e1j\u00e1n<\/a>.<\/strong><\/p>\n\n\n\n<p class=\"wp-block-paragraph\">A konferencia k\u00e9t napja sor\u00e1n tervezett \u00e9l\u0151 k\u00f6zvet\u00edt\u00e9seink a k\u00f6vetkez\u0151k:<br><strong><span style=\"text-decoration: underline;\">Szeptember 10., cs\u00fct\u00f6rt\u00f6k<br><\/span><\/strong>10.00-12.30\u00a0<a href=\"https:\/\/www.youtube.com\/watch?v=iv6n_w4HDKk&amp;pp=0gcJCaMLAYcqIYzv\" target=\"_blank\" rel=\"noopener\">Nyit\u00f3 plen\u00e1ris \u00fcl\u00e9s<\/a><br>14.00-15.40\u00a0<a href=\"https:\/\/www.youtube.com\/watch?v=R1IG4pIrD70\" target=\"_blank\" rel=\"noopener\">Bankvez\u00e9rek kerekasztala<\/a><br>16.00-17.40\u00a0<a href=\"https:\/\/www.youtube.com\/watch?v=kVMxI-Oj-HA\" target=\"_blank\" rel=\"noopener\">Gazdas\u00e1gpolitikai fordulat \u2013 makrogazdas\u00e1gi elemz\u0151i f\u00f3rum<\/a><\/p>\n\n\n\n<p class=\"wp-block-paragraph\"><span style=\"text-decoration: underline;\"><strong>Szeptember 11., p\u00e9ntek<\/strong><br><\/span>9.00-10.40\u00a0<a href=\"https:\/\/www.youtube.com\/watch?v=zc4dC7jIijw&amp;pp=0gcJCaMLAYcqIYzv\" target=\"_blank\" rel=\"noopener\">Er\u0151forr\u00e1sok a vil\u00e1gban \u2013 Magyarorsz\u00e1g k\u00fclgazdas\u00e1gi mozg\u00e1stere a blokkosod\u00f3 vil\u00e1ggazdas\u00e1gban<\/a>\u00a0<br>11.00-12.40\u00a0<a href=\"https:\/\/www.youtube.com\/watch?v=1oUBdBYe1T0\" target=\"_blank\" rel=\"noopener\">K\u00f6lts\u00e9gvet\u00e9si politika a Tisza-korm\u00e1ny els\u0151 k\u00e9t \u00e9v\u00e9ben \u2013 fordulatok \u00e9s kock\u00e1zatok<\/a><br>12.40-13.10 <a href=\"https:\/\/www.youtube.com\/watch?v=1oUBdBYe1T0\" target=\"_blank\" rel=\"noopener\">Z\u00e1r\u00f3 plen\u00e1ris \u00fcl\u00e9s<\/a><\/p>\n\n\n\n<p class=\"wp-block-paragraph\">Az \u00e9l\u0151ben nem k\u00f6zvet\u00edtett szekci\u00f3k vide\u00f3felv\u00e9terleit a konferenci\u00e1t k\u00f6vet\u0151 h\u00e9ten tessz\u00fck el\u00e9rhet\u0151v\u00e9 a <a href=\"https:\/\/kozgazdasz-vandorgyules.blog.hu\/\" target=\"_blank\" rel=\"noopener\">honlapon<\/a> \u00e9s a Magyar K\u00f6zgazdas\u00e1gi T\u00e1rsas\u00e1g\u00a0<a href=\"https:\/\/www.youtube.com\/@magyarkozgazdasagitarsasag\/streams\" target=\"_blank\" rel=\"noopener\">YouTube-csatorn\u00e1j\u00e1n<\/a>. A konferencia \u00f6t el\u0151re r\u00f6gz\u00edtett szekci\u00f3 felv\u00e9tel\u00e9t pedig a v\u00e1ndorgy\u0171l\u00e9s kezdetekor, szeptember 10-\u00e9n, cs\u00fct\u00f6rt\u00f6k\u00f6n a kora d\u00e9lel\u0151tti \u00f3r\u00e1kban tessz\u00fck el\u00e9rhet\u00e9v\u00e9 a honlapon, a <a href=\"https:\/\/kozgazdasz-vandorgyules.blog.hu\/tags\/2026_szekciovideok\" target=\"_blank\" rel=\"noopener\">Szekci\u00f3k<\/a> men\u00fcpont alatt.<\/p>\n\n\n\n<p class=\"wp-block-paragraph\"><em>A 64. K\u00f6zgazd\u00e1sz-v\u00e1ndorgy\u0171l\u00e9s r\u00e9szletes programja\u00a0<a href=\"https:\/\/mkt.hu\/wp-content\/uploads\/2026\/08\/2026_vgy_vegleges_program.pdf\" target=\"_blank\" rel=\"noopener\">ezen a linken<\/a>\u00a0el\u00e9rhet\u0151.<\/em><\/p>\n\n\n\n<p class=\"wp-block-paragraph\"><\/p>","protected":false},"excerpt":{"rendered":"<p>Ak\u00e1rcsak az elm\u00falt \u00e9vekben, id\u00e9n is \u00e9l\u0151 internetes k\u00f6zvet\u00edt\u00e9st tervez\u00fcnk a 64. K\u00f6zgazd\u00e1sz-v\u00e1ndorgy\u0171l\u00e9s cs\u00fct\u00f6rt\u00f6ki nyit\u00f3 plen\u00e1ris \u00fcl\u00e9s\u00e9r\u0151l, valamint a konferencia n\u00e9gy kiemelt szekci\u00f3j\u00e1r\u00f3l a konferencia honlapj\u00e1n \u00e9s a Magyar K\u00f6zgazdas\u00e1gi T\u00e1rsas\u00e1g\u00a0YouTube-csatorn\u00e1j\u00e1n. A konferencia k\u00e9t napja sor\u00e1n tervezett \u00e9l\u0151 k\u00f6zvet\u00edt\u00e9seink a k\u00f6vetkez\u0151k:Szeptember 10., cs\u00fct\u00f6rt\u00f6k10.00-12.30\u00a0Nyit\u00f3 plen\u00e1ris \u00fcl\u00e9s14.00-15.40\u00a0Bankvez\u00e9rek kerekasztala16.00-17.40\u00a0Gazdas\u00e1gpolitikai fordulat \u2013 makrogazdas\u00e1gi elemz\u0151i f\u00f3rum Szeptember 11., p\u00e9ntek9.00-10.40\u00a0Er\u0151forr\u00e1sok a [&hellip;]<\/p>\n","protected":false},"author":13835,"featured_media":18416,"comment_status":"closed","ping_status":"open","sticky":false,"template":"","format":"standard","meta":{"_et_pb_use_builder":"off","_et_pb_old_content":"","_et_gb_content_width":"","footnotes":""},"categories":[6],"tags":[],"class_list":["post-18414","post","type-post","status-publish","format-standard","has-post-thumbnail","hentry","category-hirek"],"publishpress_future_action":{"enabled":false,"date":"2026-09-12 03:39:53","action":"category","newStatus":"draft","terms":[],"taxonomy":"category","extraData":[]},"publishpress_future_workflow_manual_trigger":{"enabledWorkflows":[]},"_links":{"self":[{"href":"https:\/\/mkt.hu\/hu\/wp-json\/wp\/v2\/posts\/18414","targetHints":{"allow":["GET"]}}],"collection":[{"href":"https:\/\/mkt.hu\/hu\/wp-json\/wp\/v2\/posts"}],"about":[{"href":"https:\/\/mkt.hu\/hu\/wp-json\/wp\/v2\/types\/post"}],"author":[{"embeddable":true,"href":"https:\/\/mkt.hu\/hu\/wp-json\/wp\/v2\/users\/13835"}],"replies":[{"embeddable":true,"href":"https:\/\/mkt.hu\/hu\/wp-json\/wp\/v2\/comments?post=18414"}],"version-history":[{"count":3,"href":"https:\/\/mkt.hu\/hu\/wp-json\/wp\/v2\/posts\/18414\/revisions"}],"predecessor-version":[{"id":18419,"href":"https:\/\/mkt.hu\/hu\/wp-json\/wp\/v2\/posts\/18414\/revisions\/18419"}],"wp:featuredmedia":[{"embeddable":true,"href":"https:\/\/mkt.hu\/hu\/wp-json\/wp\/v2\/media\/18416"}],"wp:attachment":[{"href":"https:\/\/mkt.hu\/hu\/wp-json\/wp\/v2\/media?parent=18414"}],"wp:term":[{"taxonomy":"category","embeddable":true,"href":"https:\/\/mkt.hu\/hu\/wp-json\/wp\/v2\/categories?post=18414"},{"taxonomy":"post_tag","embeddable":true,"href":"https:\/\/mkt.hu\/hu\/wp-json\/wp\/v2\/tags?post=18414"}],"curies":[{"name":"wp","href":"https:\/\/api.w.org\/{rel}","templated":true}]}}