{"id":18427,"date":"2026-09-05T11:44:09","date_gmt":"2026-09-05T09:44:09","guid":{"rendered":"https:\/\/mkt.hu\/?p=18427"},"modified":"2026-09-05T11:47:38","modified_gmt":"2026-09-05T09:47:38","slug":"az-eu-szakosztaly-latogatasa-europa-kulturalis-fovarosaban","status":"publish","type":"post","link":"https:\/\/mkt.hu\/hu\/2026\/09\/05\/az-eu-szakosztaly-latogatasa-europa-kulturalis-fovarosaban\/","title":{"rendered":"Az EU-szakoszt\u00e1ly l\u00e1togat\u00e1sa Eur\u00f3pa kultur\u00e1lis f\u0151v\u00e1ros\u00e1ban"},"content":{"rendered":"<p class=\"wp-block-paragraph\">Augusztus utols\u00f3 napjaiban a Magyar K\u00f6zgazdas\u00e1gi T\u00e1rsas\u00e1g (MKT) EU\u2011szakoszt\u00e1ly\u00e1nak eln\u00f6ks\u00e9ge egy kisebb deleg\u00e1ci\u00f3val tett l\u00e1togat\u00e1st Trencs\u00e9nben, amely a finnorsz\u00e1gi Ouluval p\u00e1rhuzamosan nyerte el id\u00e9n az Eur\u00f3pa Kultur\u00e1lis F\u0151v\u00e1rosa c\u00edm\u00e9t. A deleg\u00e1ci\u00f3t Iv\u00e1n G\u00e1bor, a szakoszt\u00e1ly eln\u00f6ke vezette; a szakoszt\u00e1ly eln\u00f6ks\u00e9g\u00e9t Becsey Zsolt, Szijj\u00e1rt\u00f3 Orsolya \u00e9s Mocs\u00e1ry P\u00e9ter eln\u00f6ks\u00e9gi tagok, valamint Juh\u00e1sz Imre, a szakoszt\u00e1ly titk\u00e1ra k\u00e9pviselte. \u00c9rdemes felid\u00e9zni, hogy 2023-ban Veszpr\u00e9m\u2013Balaton Eur\u00f3pa Kultur\u00e1lis F\u0151v\u00e1rosa t\u00f6lt\u00f6tte be a c\u00edmet, amelyhez az MKT EU\u2011szakoszt\u00e1lya szint\u00e9n kapcsol\u00f3dott egy szakmai l\u00e1togat\u00e1ssal.<\/p>\n\n\n\n<p class=\"wp-block-paragraph\">A Budapestt\u0151l mintegy 240 kilom\u00e9terre fekv\u0151, 55 ezres l\u00e9leksz\u00e1m\u00fa nyugat\u2011szlov\u00e1kiai v\u00e1ros az \u00e9v folyam\u00e1n eur\u00f3pai dimenzi\u00f3val rendelkez\u0151 ki\u00e1ll\u00edt\u00e1soknak, koncerteknek, kultur\u00e1lis \u00e9s gasztron\u00f3miai rendezv\u00e9nyek eg\u00e9sz sor\u00e1nak ad otthont.<\/p>\n\n\n\n<p class=\"wp-block-paragraph\">Az MKT\u2011deleg\u00e1ci\u00f3 tagjait eb\u00e9den majd megbesz\u00e9l\u00e9sen l\u00e1tta vend\u00e9g\u00fcl Stanislav Kraj\u010di, a Trencs\u00e9n 2026 Eur\u00f3pa Kultur\u00e1lis F\u0151v\u00e1rosa projekt vez\u00e9rigazgat\u00f3ja, Patrik Zak, a v\u00e1ros alpolg\u00e1rmestere, Jan Vaclav, a Szlov\u00e1k Kereskedelmi \u00e9s Iparkamara region\u00e1lis szervezet\u00e9nek vezet\u0151je, Martin Mojzis, a Trencs\u00e9n 2026 Eur\u00f3pa Kultur\u00e1lis F\u0151v\u00e1rosa projekt eur\u00f3pai dimenzi\u00f3\u00e9rt \u00e9s a nemzetk\u00f6zi kapcsolatok\u00e9rt felel\u0151s menedzsere, Iveta Ni\u0148ajov\u00e1, Trencs\u00e9n 2026 Eur\u00f3pa Kultur\u00e1lis F\u0151v\u00e1rosa projekt turisztikai \u00e9s region\u00e1lis kapcsolatok\u00e9rt felel\u0151s munkat\u00e1rsa, valamint Luk\u00e1\u0161 Trnk\u00f3ci, a Trencs\u00e9ni r\u00e9gi\u00f3 oktat\u00e1s\u00e9rt \u00e9s kult\u00far\u00e1\u00e9rt felel\u0151s tisztvisel\u0151je, a r\u00e9gi\u00f3 EKF projekt felel\u0151se.<\/p>\n\n\n\n<p class=\"wp-block-paragraph\">A megbesz\u00e9l\u00e9s sor\u00e1n a magyar vend\u00e9gek \u00e1tadt\u00e1k az MKT, ezen bel\u00fcl az EU\u2011szakoszt\u00e1ly tev\u00e9kenys\u00e9g\u00e9t bemutat\u00f3 prezent\u00e1ci\u00f3t.<\/p>\n\n\n\n<p class=\"wp-block-paragraph\">A trencs\u00e9ni eur\u00f3pai kultur\u00e1lis f\u0151v\u00e1rosi programok\u00e9rt felel\u0151s tiszts\u00e9gvisel\u0151k soksz\u00edn\u0171, rendk\u00edv\u00fcl tartalmas programot \u00e1ll\u00edtottak \u00f6ssze a magyar deleg\u00e1ci\u00f3 sz\u00e1m\u00e1ra. A k\u00f6lcs\u00f6n\u00f6s \u00e9rdekl\u0151d\u00e9sre sz\u00e1mot tart\u00f3 t\u00e9m\u00e1kr\u00f3l folytatott hivatalos eb\u00e9det k\u00f6vet\u0151en a vend\u00e9gek felkerest\u00e9k \u2013 t\u00f6bbek k\u00f6z\u00f6tt \u2013 a v\u00e1ros jelk\u00e9p\u00e9nek sz\u00e1m\u00edt\u00f3 v\u00e1rat, a Sz\u0171z M\u00e1ria sz\u00fclet\u00e9se templomot \u00e9s a zsinag\u00f3g\u00e1t.<\/p>\n\n\n\n<p class=\"wp-block-paragraph\">A l\u00e1togat\u00e1s m\u00e1sodik napj\u00e1n a deleg\u00e1ci\u00f3 \u00fczeml\u00e1togat\u00e1st tett a Trencs\u00e9nt\u0151l mintegy h\u00fasz kilom\u00e9terre fekv\u0151 Lednick\u00e9 Rovn\u00e9n, a RONA \u00fcvegmanufakt\u00far\u00e1ban \u00e9s annak m\u00fazeum\u00e1ban, amely Szlov\u00e1kia legjelent\u0151sebb hazai tulajdon\u00fa export\u0151r v\u00e1llalkoz\u00e1sa, t\u00f6bb mint 1000 alkalmazottal A hivatalos program Dubnic\u00e1ban (M\u00e1riat\u00f6lgyesen) z\u00e1rult, a magyar t\u00f6rt\u00e9nelemb\u0151l ismert Ill\u00e9sh\u00e1zy\u2011dinasztia egykori kast\u00e9ly\u00e1ban tett l\u00e1togat\u00e1ssal.<\/p>\n\n\n\n<p class=\"wp-block-paragraph\">A k\u00e9tnapos program alkalmat k\u00edn\u00e1lt a Trencs\u00e9n 2026 Eur\u00f3pa Kultur\u00e1lis F\u0151v\u00e1rosa projekt kultur\u00e1lis, gazdas\u00e1gi \u00e9s turisztikai h\u00e1tter\u00e9nek megismer\u00e9s\u00e9re, megjegyezve, hogy a t\u00f6rt\u00e9nelmi eml\u00e9khelyekben \u00e9s esem\u00e9nyekben gazdag v\u00e1rost \u00e9s k\u00f6rny\u00e9k\u00e9t a projekt lez\u00e1rult\u00e1t k\u00f6vet\u0151en is \u00e9rdemes lesz felkeresni. Tov\u00e1bbi inform\u00e1ci\u00f3: <a href=\"https:\/\/www.trencin2026.eu\">https:\/\/www.trencin2026.eu<\/a><\/p>\n\n\n\n<p class=\"wp-block-paragraph\">A szakmai \u00fatr\u00f3l a besz\u00e1mol\u00f3 &#8211; t\u00f6bb fot\u00f3val &#8211; <strong><a href=\"https:\/\/mkt.hu\/wp-content\/uploads\/2026\/09\/260902_Trencsen_beszamolo.pdf\">ezen a linken let\u00f6lthet\u0151<\/a><\/strong> (pdf).<\/p>\n\n\n\n<p class=\"wp-block-paragraph\"><\/p>","protected":false},"excerpt":{"rendered":"<p>Augusztus utols\u00f3 napjaiban a Magyar K\u00f6zgazdas\u00e1gi T\u00e1rsas\u00e1g (MKT) EU\u2011szakoszt\u00e1ly\u00e1nak eln\u00f6ks\u00e9ge egy kisebb deleg\u00e1ci\u00f3val tett l\u00e1togat\u00e1st Trencs\u00e9nben, amely a finnorsz\u00e1gi Ouluval p\u00e1rhuzamosan nyerte el id\u00e9n az Eur\u00f3pa Kultur\u00e1lis F\u0151v\u00e1rosa c\u00edm\u00e9t. A deleg\u00e1ci\u00f3t Iv\u00e1n G\u00e1bor, a szakoszt\u00e1ly eln\u00f6ke vezette; a szakoszt\u00e1ly eln\u00f6ks\u00e9g\u00e9t Becsey Zsolt, Szijj\u00e1rt\u00f3 Orsolya \u00e9s Mocs\u00e1ry P\u00e9ter eln\u00f6ks\u00e9gi tagok, valamint Juh\u00e1sz Imre, a szakoszt\u00e1ly titk\u00e1ra [&hellip;]<\/p>\n","protected":false},"author":13835,"featured_media":18425,"comment_status":"closed","ping_status":"open","sticky":false,"template":"","format":"standard","meta":{"_et_pb_use_builder":"off","_et_pb_old_content":"","_et_gb_content_width":"","footnotes":""},"categories":[6],"tags":[],"class_list":["post-18427","post","type-post","status-publish","format-standard","has-post-thumbnail","hentry","category-hirek"],"publishpress_future_action":{"enabled":false,"date":"2026-09-13 20:30:48","action":"category","newStatus":"draft","terms":[],"taxonomy":"category","extraData":[]},"publishpress_future_workflow_manual_trigger":{"enabledWorkflows":[]},"_links":{"self":[{"href":"https:\/\/mkt.hu\/hu\/wp-json\/wp\/v2\/posts\/18427","targetHints":{"allow":["GET"]}}],"collection":[{"href":"https:\/\/mkt.hu\/hu\/wp-json\/wp\/v2\/posts"}],"about":[{"href":"https:\/\/mkt.hu\/hu\/wp-json\/wp\/v2\/types\/post"}],"author":[{"embeddable":true,"href":"https:\/\/mkt.hu\/hu\/wp-json\/wp\/v2\/users\/13835"}],"replies":[{"embeddable":true,"href":"https:\/\/mkt.hu\/hu\/wp-json\/wp\/v2\/comments?post=18427"}],"version-history":[{"count":3,"href":"https:\/\/mkt.hu\/hu\/wp-json\/wp\/v2\/posts\/18427\/revisions"}],"predecessor-version":[{"id":18430,"href":"https:\/\/mkt.hu\/hu\/wp-json\/wp\/v2\/posts\/18427\/revisions\/18430"}],"wp:featuredmedia":[{"embeddable":true,"href":"https:\/\/mkt.hu\/hu\/wp-json\/wp\/v2\/media\/18425"}],"wp:attachment":[{"href":"https:\/\/mkt.hu\/hu\/wp-json\/wp\/v2\/media?parent=18427"}],"wp:term":[{"taxonomy":"category","embeddable":true,"href":"https:\/\/mkt.hu\/hu\/wp-json\/wp\/v2\/categories?post=18427"},{"taxonomy":"post_tag","embeddable":true,"href":"https:\/\/mkt.hu\/hu\/wp-json\/wp\/v2\/tags?post=18427"}],"curies":[{"name":"wp","href":"https:\/\/api.w.org\/{rel}","templated":true}]}}