{"id":8137,"date":"2021-02-16T13:42:32","date_gmt":"2021-02-16T12:42:32","guid":{"rendered":"https:\/\/www.mkt.hu\/?p=8137"},"modified":"2021-04-21T23:59:28","modified_gmt":"2021-04-21T21:59:28","slug":"pulai-miklos-emlekkonferencia","status":"publish","type":"post","link":"https:\/\/mkt.hu\/hu\/2021\/02\/16\/pulai-miklos-emlekkonferencia\/","title":{"rendered":"Pulai Mikl\u00f3s-eml\u00e9kkonferencia"},"content":{"rendered":"<p>Az MKT K\u00f6zgazd\u00e1sz \u00c9letm\u0171d\u00edj\u00e1val kit\u00fcntetett, tavaly elhunyt <strong>Pulai Mikl\u00f3sra<\/strong> eml\u00e9kezik egy online konferenci\u00e1val <strong>2021. \u00e1prilis 21-\u00e9n, szerd\u00e1n 14 \u00f3r\u00e1t\u00f3l<\/strong> a Magyar K\u00f6zgazdas\u00e1gi T\u00e1rsas\u00e1g \u00e9s a Pulai Mikl\u00f3s Bar\u00e1ti T\u00e1rsas\u00e1g a <a href=\"https:\/\/magyarkozgazdasagitarsasag.my.webex.com\/magyarkozgazdasagitarsasag.my\/j.php?MTID=m73ab5dc5369097fdefea2b4fcbdfbc1b\"><strong>Webexen<\/strong><\/a> \u00e9s <a href=\"https:\/\/www.youtube.com\/channel\/UCQn9xUBg0ybiPRfB2QM4QOA\"><strong>az MKT YouTube-csatorn\u00e1j\u00e1n<\/strong><\/a>.<\/p>\n<p>A r\u00e9sztvev\u0151ket <strong>Heged\u00fcs \u00c9va<\/strong>, az MKT-f\u0151titk\u00e1ra, a GR\u00c1NIT Bank Zrt. eln\u00f6k-vez\u00e9rigazgat\u00f3ja, a Magyar Banksz\u00f6vets\u00e9g eln\u00f6ks\u00e9gi tagja k\u00f6sz\u00f6nti. A konferencia k\u00e9t bevezet\u0151 el\u0151ad\u00e1s\u00e1t <strong>Germuska P\u00e1l<\/strong>, a Magyar Nemzeti Lev\u00e9lt\u00e1r f\u0151igazgat\u00f3-helyettese \u00e9s <strong>Erdei Tam\u00e1s<\/strong>, a Magyar Banksz\u00f6vets\u00e9g kor\u00e1bbi eln\u00f6ke tartja, majd <strong>Asztalos L\u00e1szl\u00f3 Gy\u00f6rgy<\/strong> egyetemi mag\u00e1ntan\u00e1r, az \u00c1llami Biztos\u00edt\u00e1sfel\u00fcgyelet kor\u00e1bbi vezet\u0151je, a PSZ\u00c1F Fel\u00fcgyeleti Tan\u00e1cs\u00e1nak volt eln\u00f6khelyettese vezet\u00e9s\u00e9vel <strong>Bod P\u00e9ter \u00c1kos<\/strong> volt jegybankeln\u00f6k, az MKT aleln\u00f6ke; <strong>Botos Katalin<\/strong> bank\u00fcgyek\u00e9rt felel\u0151s, kor\u00e1bbi t\u00e1rca n\u00e9lk\u00fcli miniszter \u00e9s <strong>Mell\u00e1r Tam\u00e1s<\/strong>, a K\u00f6zponti Statisztikai Hivatal egykori eln\u00f6ke besz\u00e9lgetnek Pulai Mikl\u00f3s szerep\u00e9r\u0151l a hazai p\u00e9nz- \u00e9s t\u0151kepiacok kialak\u00edt\u00e1s\u00e1ban \u00e9s megszil\u00e1rd\u00edt\u00e1s\u00e1ban.<\/p>\n<p><span style=\"text-decoration: underline;\"><strong>A konferencia megtekint\u00e9s\u00e9hez sz\u00fcks\u00e9ges inform\u00e1ci\u00f3k:<\/strong><\/span><br \/>\nYouTube-link:<br \/>\n<a href=\"https:\/\/www.youtube.com\/channel\/UCQn9xUBg0ybiPRfB2QM4QOA\"><strong>https:\/\/www.youtube.com\/channel\/UCQn9xUBg0ybiPRfB2QM4QOA<\/strong><\/a><br \/>\nWebex-link:<br \/>\n<a href=\"https:\/\/magyarkozgazdasagitarsasag.my.webex.com\/magyarkozgazdasagitarsasag.my\/j.php?MTID=m73ab5dc5369097fdefea2b4fcbdfbc1b\"><strong>https:\/\/magyarkozgazdasagitarsasag.my.webex.com\/magyarkozgazdasagitarsasag.my\/j.php?MTID=m73ab5dc5369097fdefea2b4fcbdfbc1b<\/strong><\/a><br \/>\nMeeting number: <strong>181 495 3870<\/strong><br \/>\nPassword:<strong> PulaiMiklos2021<\/strong><\/p>\n<p><em>A rendezv\u00e9nyt \u00e9l\u0151ben streamelj\u00fck <a href=\"https:\/\/www.youtube.com\/channel\/UCQn9xUBg0ybiPRfB2QM4QOA\">az MKT YouTube-csatorn\u00e1j\u00e1n<\/a>.<\/em><\/p>","protected":false},"excerpt":{"rendered":"<p>Az MKT K\u00f6zgazd\u00e1sz \u00c9letm\u0171d\u00edj\u00e1val kit\u00fcntetett, tavaly elhunyt Pulai Mikl\u00f3sra eml\u00e9kezik egy online konferenci\u00e1val 2021. \u00e1prilis 21-\u00e9n, szerd\u00e1n 14 \u00f3r\u00e1t\u00f3l a Magyar K\u00f6zgazdas\u00e1gi T\u00e1rsas\u00e1g \u00e9s a Pulai Mikl\u00f3s Bar\u00e1ti T\u00e1rsas\u00e1g a Webexen \u00e9s az MKT YouTube-csatorn\u00e1j\u00e1n. A r\u00e9sztvev\u0151ket Heged\u00fcs \u00c9va, az MKT-f\u0151titk\u00e1ra, a GR\u00c1NIT Bank Zrt. eln\u00f6k-vez\u00e9rigazgat\u00f3ja, a Magyar Banksz\u00f6vets\u00e9g eln\u00f6ks\u00e9gi tagja k\u00f6sz\u00f6nti. A konferencia k\u00e9t [&hellip;]<\/p>\n","protected":false},"author":13835,"featured_media":8134,"comment_status":"closed","ping_status":"open","sticky":false,"template":"","format":"standard","meta":{"_et_pb_use_builder":"","_et_pb_old_content":"","_et_gb_content_width":"","footnotes":""},"categories":[5],"tags":[],"class_list":["post-8137","post","type-post","status-publish","format-standard","has-post-thumbnail","hentry","category-korabbi-redezvenyeink"],"publishpress_future_action":{"enabled":false,"date":"2026-09-12 13:20:13","action":"category","newStatus":"draft","terms":[],"taxonomy":"category","extraData":[]},"publishpress_future_workflow_manual_trigger":{"enabledWorkflows":[]},"_links":{"self":[{"href":"https:\/\/mkt.hu\/hu\/wp-json\/wp\/v2\/posts\/8137","targetHints":{"allow":["GET"]}}],"collection":[{"href":"https:\/\/mkt.hu\/hu\/wp-json\/wp\/v2\/posts"}],"about":[{"href":"https:\/\/mkt.hu\/hu\/wp-json\/wp\/v2\/types\/post"}],"author":[{"embeddable":true,"href":"https:\/\/mkt.hu\/hu\/wp-json\/wp\/v2\/users\/13835"}],"replies":[{"embeddable":true,"href":"https:\/\/mkt.hu\/hu\/wp-json\/wp\/v2\/comments?post=8137"}],"version-history":[{"count":0,"href":"https:\/\/mkt.hu\/hu\/wp-json\/wp\/v2\/posts\/8137\/revisions"}],"wp:featuredmedia":[{"embeddable":true,"href":"https:\/\/mkt.hu\/hu\/wp-json\/wp\/v2\/media\/8134"}],"wp:attachment":[{"href":"https:\/\/mkt.hu\/hu\/wp-json\/wp\/v2\/media?parent=8137"}],"wp:term":[{"taxonomy":"category","embeddable":true,"href":"https:\/\/mkt.hu\/hu\/wp-json\/wp\/v2\/categories?post=8137"},{"taxonomy":"post_tag","embeddable":true,"href":"https:\/\/mkt.hu\/hu\/wp-json\/wp\/v2\/tags?post=8137"}],"curies":[{"name":"wp","href":"https:\/\/api.w.org\/{rel}","templated":true}]}}